{"id":186080,"date":"2025-06-18T14:39:09","date_gmt":"2025-06-18T14:39:09","guid":{"rendered":"https:\/\/www.europesays.com\/fr\/186080\/"},"modified":"2025-06-18T14:39:09","modified_gmt":"2025-06-18T14:39:09","slug":"un-ecran-geant-installe-dans-le-centre-ville-de-toulon-pour-la-demi-finale-de-top-14-du-rct","status":"publish","type":"post","link":"https:\/\/www.europesays.com\/fr\/186080\/","title":{"rendered":"Un \u00e9cran g\u00e9ant install\u00e9 dans le centre-ville de Toulon pour la demi-finale de Top 14 du RCT"},"content":{"rendered":"<p>F\u00eate de la musique ou pas, la ville de Toulon accueillera quand m\u00eame un \u00e9cran g\u00e9ant ce week-end, sur la grande place de la Libert\u00e9, pour permettre aux supporters de se rassembler devant le match couperet du Rugby club toulonnais.<\/p>\n<p>Samedi 21 juin, \u00e0 21h, les Rouge et Noir de Pierre Mignoni d\u00e9fieront une Union Bordeaux-B\u00e8gles fra\u00eechement sacr\u00e9e championne d\u2019Europe en demi-finale du Top 14, le championnat de France de rugby.<\/p>\n<p>Si la rencontre aura lieu au Groupama Stadium de Lyon, les Toulonnais rest\u00e9s au pied du Faron auront donc l\u2019occasion de donner de la voix tous ensemble pour pousser, m\u00eame \u00e0 distance, derri\u00e8re leur \u00e9quipe.<\/p>\n<p>Au total, la fan zone pourra accueillir jusqu&rsquo;\u00e0 4.500 personnes.<\/p>\n<p>\u00ab\u00a0On ne le faisait jamais sur les demies, mais on a senti qu&rsquo;il y avait une dynamique\u00a0\u00bb, explique-t-on \u00e0 la mairie. Enfin, les DJ pr\u00e9vus dans le cadre de la f\u00eate de la musique seront pr\u00e9sents pour animer les lieux, notamment avant le match et \u00e0 la mi-temps.<\/p>\n","protected":false},"excerpt":{"rendered":"F\u00eate de la musique ou pas, la ville de Toulon accueillera quand m\u00eame un \u00e9cran g\u00e9ant ce week-end,&hellip;\n","protected":false},"author":2,"featured_media":186081,"comment_status":"","ping_status":"","sticky":false,"template":"","format":"standard","meta":{"footnotes":""},"categories":[9619],"tags":[1111,11,1777,674,7186,1011,27,12,882,25,479,60,2310,3366],"class_list":{"0":"post-186080","1":"post","2":"type-post","3":"status-publish","4":"format-standard","5":"has-post-thumbnail","7":"category-toulon","8":"tag-actu","9":"tag-actualites","10":"tag-eu","11":"tag-europe","12":"tag-festivites","13":"tag-fr","14":"tag-france","15":"tag-news","16":"tag-provence-alpes-cote-dazur","17":"tag-republique-francaise","18":"tag-rugby","19":"tag-sports","20":"tag-toulon","21":"tag-vie-locale"},"share_on_mastodon":{"url":"https:\/\/pubeurope.com\/@fr\/114704886915456928","error":""},"_links":{"self":[{"href":"https:\/\/www.europesays.com\/fr\/wp-json\/wp\/v2\/posts\/186080","targetHints":{"allow":["GET"]}}],"collection":[{"href":"https:\/\/www.europesays.com\/fr\/wp-json\/wp\/v2\/posts"}],"about":[{"href":"https:\/\/www.europesays.com\/fr\/wp-json\/wp\/v2\/types\/post"}],"author":[{"embeddable":true,"href":"https:\/\/www.europesays.com\/fr\/wp-json\/wp\/v2\/users\/2"}],"replies":[{"embeddable":true,"href":"https:\/\/www.europesays.com\/fr\/wp-json\/wp\/v2\/comments?post=186080"}],"version-history":[{"count":0,"href":"https:\/\/www.europesays.com\/fr\/wp-json\/wp\/v2\/posts\/186080\/revisions"}],"wp:featuredmedia":[{"embeddable":true,"href":"https:\/\/www.europesays.com\/fr\/wp-json\/wp\/v2\/media\/186081"}],"wp:attachment":[{"href":"https:\/\/www.europesays.com\/fr\/wp-json\/wp\/v2\/media?parent=186080"}],"wp:term":[{"taxonomy":"category","embeddable":true,"href":"https:\/\/www.europesays.com\/fr\/wp-json\/wp\/v2\/categories?post=186080"},{"taxonomy":"post_tag","embeddable":true,"href":"https:\/\/www.europesays.com\/fr\/wp-json\/wp\/v2\/tags?post=186080"}],"curies":[{"name":"wp","href":"https:\/\/api.w.org\/{rel}","templated":true}]}}