{"id":186096,"date":"2025-06-18T14:50:12","date_gmt":"2025-06-18T14:50:12","guid":{"rendered":"https:\/\/www.europesays.com\/fr\/186096\/"},"modified":"2025-06-18T14:50:12","modified_gmt":"2025-06-18T14:50:12","slug":"bouchons-klaxons-les-barrieres-du-passage-a-niveau-de-la-sncf-se-bloquent-certains-perdent-patience","status":"publish","type":"post","link":"https:\/\/www.europesays.com\/fr\/186096\/","title":{"rendered":"Bouchons, klaxons&#8230; Les barri\u00e8res du passage \u00e0 niveau de la SNCF se bloquent : certains perdent patience"},"content":{"rendered":"<p>            Par<br \/>\n        <strong><br \/>\n            <a href=\"https:\/\/actu.fr\/auteur\/laurene-fertin\" title=\"Consulter tous les articles de Laur\u00e8ne Fertin\" target=\"_blank\" rel=\"noopener\">Laur\u00e8ne Fertin<\/a><br \/>\n        <\/strong><\/p>\n<p>        Publi\u00e9 le<\/p>\n<p>            18 juin 2025 \u00e0 16h22        <\/p>\n<p>Ce mercredi 18\u00a0juin 2025, alors que le mercure a fortement grimp\u00e9 dans l\u2019apr\u00e8s-midi, <strong>la circulation est \u00e0 l\u2019arr\u00eat rue de Ch\u00e2teaugiron, <\/strong>\u00e0 la lisi\u00e8re entre Rennes et Chantepie.<\/p>\n<p class=\" wall-content\"><strong>Les barri\u00e8res<\/strong> du passage \u00e0 niveau de la <a href=\"https:\/\/actu.fr\/tag\/sncf\" target=\"_blank\" rel=\"noopener\">SNCF<\/a> sont en effet <strong>bloqu\u00e9es<\/strong> apr\u00e8s qu\u2019un train est pass\u00e9 sur les rails. C\u2019est \u00ab\u2009un rat\u00e9 d\u2019ouverture\u2009\u00bb, expose la SNCF contact\u00e9e par la r\u00e9daction d\u2019<a href=\"https:\/\/actu.fr\/rennes\/\" target=\"_blank\" rel=\"noopener\">actu Rennes<\/a>, \u00ab\u2009c\u2019est-\u00e0-dire que les barri\u00e8res se sont mises en mode s\u00e9curit\u00e9\u2009\u00bb.<\/p>\n<p>\u00ab\u2009Je ne passe pas entre les deux\u2009\u00bb<\/p>\n<p class=\" wall-content\">Et le temps est long de part et d\u2019autre du passage \u00e0 niveau. \u00ab<strong>\u2009\u00c7a fait 20\u00a0minutes<\/strong> que j\u2019attends de pouvoir repartir\u2009\u00bb, souffle le conducteur d\u2019un bus du<a href=\"https:\/\/actu.fr\/tag\/reseau-star\" target=\"_blank\" rel=\"noopener\"> r\u00e9seau STAR<\/a>, \u00e0 l\u2019arr\u00eat, comme <strong>de nombreux autres automobilistes, cyclistes,<\/strong> <strong>motards<\/strong> et <strong>pi\u00e9tons.<\/strong> \u00ab\u2009J\u2019ai appel\u00e9 le PC, ils devraient contacter la SNCF, mais pour le moment il ne se passe rien.\u2009\u00bb<\/p>\n<p class=\" wall-content\">Si certains <strong>perdent patience<\/strong> et n\u2019h\u00e9sitent pas \u00e0 passer \u00e0 travers les barri\u00e8res, o\u00f9 le signal rouge clignote toujours, ce n\u2019est pas le cas de ce conducteur de bus qui ne veut pas faire \u00ab\u2009courir un danger\u2009\u00bb aux usagers(\u00e8res) : \u00ab\u00a0je ne passerai pas entre les deux barri\u00e8res.\u00a0\u00bb<\/p>\n<p>    <img   decoding=\"async\" loading=\"lazy\" src=\"https:\/\/www.europesays.com\/fr\/wp-content\/uploads\/2025\/06\/barrieres-sncf-bloquees-passage-a-niveau-rennes-rue-de-chataeugironjpg-2-960x640.jpg\" alt=\"xxxx\" width=\"960\" height=\"640\"\/><br \/>\n    Les conducteurs(rices) attendent, en vain, que les barri\u00e8res s\u2019ouvrent. (\u00a9Laur\u00e8ne Fertin \u2013 actu Rennes)Vid\u00e9os : en ce moment sur Actu<\/p>\n<p class=\" wall-content\"><strong>\u00c0 v\u00e9lo-cargo,<\/strong> <strong>une maman<\/strong> traverse tout de m\u00eame les rails avec ses deux enfants. Une voiture fait un demi-tour sec sur le bitume. Les pi\u00e9tons trottinent pour passer de l\u2019autre c\u00f4t\u00e9 rapidement.<\/p>\n<p>Une \u00e9quipe technique sur place<\/p>\n<p class=\" wall-content\">Des agents de la SNCF, en chasubles orange, demandent \u00e0 l\u2019heure o\u00f9 sont \u00e9crites ces lignes aux usagers(\u00e8res) de la route <strong>de faire demi-tour<\/strong>.<\/p>\n<p class=\" wall-content\">Du personnel, expose la SNCF, doit \u00e9galement arriver sur les lieux <strong>pour prendre en charge la r\u00e9paration<\/strong> qui ne sera effective qu\u2019\u00e0 17h30. Sur place, toutefois, les barri\u00e8res ont pu \u00eatre relev\u00e9es plus vite que pr\u00e9vu, aux alentours de 16h10.<\/p>\n<p class=\" wall-content\">Suivez toute l\u2019actualit\u00e9 de vos villes et m\u00e9dias favoris en vous inscrivant \u00e0 <a href=\"https:\/\/moncompte.actu.fr\" title=\"D\u00e9couvez Mon Actu\" rel=\"nofollow noopener\" data-trk=\"{&quot;cta&quot;:{&quot;action&quot;:&quot;https:\\\/\\\/moncompte.actu.fr&quot;,&quot;category&quot;:&quot;mon compte&quot;,&quot;from&quot;:&quot;article footer&quot;,&quot;name&quot;:&quot;Mon actu&quot;,&quot;type&quot;:&quot;cta&quot;}}\" target=\"_blank\">Mon Actu<\/a>.<\/p>\n","protected":false},"excerpt":{"rendered":"Par Laur\u00e8ne Fertin Publi\u00e9 le 18 juin 2025 \u00e0 16h22 Ce mercredi 18\u00a0juin 2025, alors que le mercure&hellip;\n","protected":false},"author":2,"featured_media":186097,"comment_status":"","ping_status":"","sticky":false,"template":"","format":"standard","meta":{"footnotes":""},"categories":[2821],"tags":[1111,11,829,1777,674,118,1011,27,12,584,25,2215],"class_list":{"0":"post-186096","1":"post","2":"type-post","3":"status-publish","4":"format-standard","5":"has-post-thumbnail","7":"category-rennes","8":"tag-actu","9":"tag-actualites","10":"tag-bretagne","11":"tag-eu","12":"tag-europe","13":"tag-faits-divers","14":"tag-fr","15":"tag-france","16":"tag-news","17":"tag-rennes","18":"tag-republique-francaise","19":"tag-sncf"},"share_on_mastodon":{"url":"https:\/\/pubeurope.com\/@fr\/114704929491606567","error":""},"_links":{"self":[{"href":"https:\/\/www.europesays.com\/fr\/wp-json\/wp\/v2\/posts\/186096","targetHints":{"allow":["GET"]}}],"collection":[{"href":"https:\/\/www.europesays.com\/fr\/wp-json\/wp\/v2\/posts"}],"about":[{"href":"https:\/\/www.europesays.com\/fr\/wp-json\/wp\/v2\/types\/post"}],"author":[{"embeddable":true,"href":"https:\/\/www.europesays.com\/fr\/wp-json\/wp\/v2\/users\/2"}],"replies":[{"embeddable":true,"href":"https:\/\/www.europesays.com\/fr\/wp-json\/wp\/v2\/comments?post=186096"}],"version-history":[{"count":0,"href":"https:\/\/www.europesays.com\/fr\/wp-json\/wp\/v2\/posts\/186096\/revisions"}],"wp:featuredmedia":[{"embeddable":true,"href":"https:\/\/www.europesays.com\/fr\/wp-json\/wp\/v2\/media\/186097"}],"wp:attachment":[{"href":"https:\/\/www.europesays.com\/fr\/wp-json\/wp\/v2\/media?parent=186096"}],"wp:term":[{"taxonomy":"category","embeddable":true,"href":"https:\/\/www.europesays.com\/fr\/wp-json\/wp\/v2\/categories?post=186096"},{"taxonomy":"post_tag","embeddable":true,"href":"https:\/\/www.europesays.com\/fr\/wp-json\/wp\/v2\/tags?post=186096"}],"curies":[{"name":"wp","href":"https:\/\/api.w.org\/{rel}","templated":true}]}}