{"id":186100,"date":"2025-06-18T14:52:12","date_gmt":"2025-06-18T14:52:12","guid":{"rendered":"https:\/\/www.europesays.com\/fr\/186100\/"},"modified":"2025-06-18T14:52:12","modified_gmt":"2025-06-18T14:52:12","slug":"le-volume-de-fret-en-hausse-sur-le-rhin","status":"publish","type":"post","link":"https:\/\/www.europesays.com\/fr\/186100\/","title":{"rendered":"le volume de fret en hausse sur le Rhin"},"content":{"rendered":"<p>L\u2019an pass\u00e9, selon un bilan provisoire publi\u00e9 \u00e0 l\u2019occasion de la session de printemps de <a href=\"https:\/\/www.dna.fr\/economie\/2021\/12\/06\/navigation-du-rhin-une-nouvelle-secretaire-generale\" target=\"_blank\" rel=\"nofollow noopener\">la Commission centrale pour la navigation du Rhin<\/a>, r\u00e9unie d\u00e9but juin \u00e0 Strasbourg, le volume total de marchandises transport\u00e9es sur le Rhin s\u2019est \u00e9lev\u00e9 \u00e0 284,5\u00a0millions de tonnes, en hausse de 2,6\u00a0% par rapport \u00e0 2023. Cette \u00e9volution, explique la CCNR, refl\u00e8te la reprise de la demande globale g\u00e9n\u00e9r\u00e9e par le recul de l\u2019inflation et l\u2019indexation des salaires. Les segments qui ont le plus augment\u00e9 sont les conteneurs (+6,8\u00a0%) et les produits chimiques (+6,7\u00a0%). Le segment des minerais de fer est celui qui a enregistr\u00e9 la plus forte baisse (-13\u00a0%).<\/p>\n","protected":false},"excerpt":{"rendered":"L\u2019an pass\u00e9, selon un bilan provisoire publi\u00e9 \u00e0 l\u2019occasion de la session de printemps de la Commission centrale&hellip;\n","protected":false},"author":2,"featured_media":186101,"comment_status":"","ping_status":"","sticky":false,"template":"","format":"standard","meta":{"footnotes":""},"categories":[2820],"tags":[1111,11,2389,2649,4406,33,2880,1777,674,107,1011,27,775,12,25,640,2879,2803],"class_list":{"0":"post-186100","1":"post","2":"type-post","3":"status-publish","4":"format-standard","5":"has-post-thumbnail","7":"category-strasbourg","8":"tag-actu","9":"tag-actualites","10":"tag-alsace","11":"tag-bas-rhin","12":"tag-commerce-et-services","13":"tag-economie","14":"tag-edition-strasbourg","15":"tag-eu","16":"tag-europe","17":"tag-fil-info","18":"tag-fr","19":"tag-france","20":"tag-grand-est","21":"tag-news","22":"tag-republique-francaise","23":"tag-strasbourg","24":"tag-strasbourg-ville","25":"tag-transport"},"share_on_mastodon":{"url":"https:\/\/pubeurope.com\/@fr\/114704937315003540","error":""},"_links":{"self":[{"href":"https:\/\/www.europesays.com\/fr\/wp-json\/wp\/v2\/posts\/186100","targetHints":{"allow":["GET"]}}],"collection":[{"href":"https:\/\/www.europesays.com\/fr\/wp-json\/wp\/v2\/posts"}],"about":[{"href":"https:\/\/www.europesays.com\/fr\/wp-json\/wp\/v2\/types\/post"}],"author":[{"embeddable":true,"href":"https:\/\/www.europesays.com\/fr\/wp-json\/wp\/v2\/users\/2"}],"replies":[{"embeddable":true,"href":"https:\/\/www.europesays.com\/fr\/wp-json\/wp\/v2\/comments?post=186100"}],"version-history":[{"count":0,"href":"https:\/\/www.europesays.com\/fr\/wp-json\/wp\/v2\/posts\/186100\/revisions"}],"wp:featuredmedia":[{"embeddable":true,"href":"https:\/\/www.europesays.com\/fr\/wp-json\/wp\/v2\/media\/186101"}],"wp:attachment":[{"href":"https:\/\/www.europesays.com\/fr\/wp-json\/wp\/v2\/media?parent=186100"}],"wp:term":[{"taxonomy":"category","embeddable":true,"href":"https:\/\/www.europesays.com\/fr\/wp-json\/wp\/v2\/categories?post=186100"},{"taxonomy":"post_tag","embeddable":true,"href":"https:\/\/www.europesays.com\/fr\/wp-json\/wp\/v2\/tags?post=186100"}],"curies":[{"name":"wp","href":"https:\/\/api.w.org\/{rel}","templated":true}]}}