{"id":186102,"date":"2025-06-18T14:53:10","date_gmt":"2025-06-18T14:53:10","guid":{"rendered":"https:\/\/www.europesays.com\/fr\/186102\/"},"modified":"2025-06-18T14:53:10","modified_gmt":"2025-06-18T14:53:10","slug":"strasbourg-stationnement-parking-acces-voici-le-dispositif-de-securite-de-la-fete-de-la-musique","status":"publish","type":"post","link":"https:\/\/www.europesays.com\/fr\/186102\/","title":{"rendered":"Strasbourg. Stationnement, parking, acc\u00e8s&#8230; Voici le dispositif de s\u00e9curit\u00e9 de la F\u00eate de la musique"},"content":{"rendered":"<p>  Acc\u00e8s pi\u00e9ton<\/p>\n<p>Les pi\u00e9tons acc\u00e9deront librement \u00e0 la Grande-\u00cele de Strasbourg via les ponts ce samedi 21 juin. Les objets en verre et les produits dangereux seront interdits.<\/p>\n<p>  Stationnement <\/p>\n<p>Le stationnement sur voirie est interdit dans l\u2019ensemble de la Grande-\u00cele, du samedi 21\u00a0juin \u00e0 6\u00a0h au dimanche 22\u00a0juin \u00e0 6\u00a0h.<\/p>\n<p>  Circulation<\/p>\n<p>La circulation des v\u00e9hicules motoris\u00e9s est interdite dans l\u2019ensemble de la Grande-\u00cele, du samedi 21\u00a0juin \u00e0 17\u00a0h au dimanche 22\u00a0juin \u00e0 4\u00a0h.<\/p>\n<p>  Parkings<\/p>\n<p>L\u2019entr\u00e9e et la sortie des parkings publics Gutenberg, Kl\u00e9ber et Broglie sont interdites, du samedi 21\u00a0juin 17\u00a0h au dimanche 22\u00a0juin 4\u00a0h.<\/p>\n<p>Les r\u00e9sidents disposant d\u2019un stationnement priv\u00e9, ou d\u2019un abonnement dans un parking public dans la Grande-\u00cele, ne pourront pas acc\u00e9der \u00e0 leur parking \u00e0 partir du samedi 21\u00a0juin 17\u00a0h, et ne pourront en sortir qu\u2019\u00e0 partir de 4\u00a0h le dimanche 22\u00a0juin.<\/p>\n<p>  Trams et bus<\/p>\n<p>Concernant la circulation des bus et trams le 21\u00a0juin, les trams circuleront mais ne marqueront pas l\u2019arr\u00eat de 17\u00a0h \u00e0 19\u00a0h aux stations suivantes\u00a0: Broglie, Homme de Fer, Alt Winm\u00e4rik et Langstross Grand\u2019rue.<\/p>\n<p>\u00c0 partir de 19\u00a0h et jusqu\u2019\u00e0 minuit, les trams ne rouleront plus dans la Grande \u00cele. La circulation tram reprendra \u00e0 partir de minuit avec derniers d\u00e9parts du centre-ville jusqu\u2019\u00e0 1\u00a0h du matin.<\/p>\n<p>\u00c0 partir de 17\u00a0h, la ligne de bus C8 fera son terminus \u00e0 \u00c9toile-Bourse, la ligne 10 sera coup\u00e9e entre Mus\u00e9e d\u2019Art moderne et Gallia et la 30 sera d\u00e9vi\u00e9e entre Brant et Cit\u00e9 administrative.<\/p>\n<p>Les dispositifs particuliers mis en place \u00e0 l\u2019occasion du 21\u00a0juin sont \u00e0 retrouver sur le site et l\u2019appli CTS.<\/p>\n<p>  Des zones de pr\u00e9vention contre les violences sexistes et sexuelles<\/p>\n<p> Pour que la F\u00eate de la musique reste une f\u00eate pour tous, la Ville de Strasbourg met \u00e0 nouveau en place un dispositif de pr\u00e9vention et de lutte contre les violences sexistes et sexuelles. Tenus par les associations partenaires, des stands seront install\u00e9s place d\u2019Austerlitz de 18\u00a0h \u00e0 21\u00a0h et place Saint-\u00c9tienne de 18\u00a0h \u00e0 minuit. <\/p>\n<p>&#8211; Place d\u2019Austerlitz\u00a0: retrouvez DBSP Stop au Sexisme, Ru\u2019elles 67, le Planning familial 67 et Ithaque\u00a0;<\/p>\n<p>&#8211; Place Saint-\u00c9tienne\u00a0: retrouvez Ithaque, Entraid Addict et DBSP Stop au Sexisme.<\/p>\n<p>Ces stands seront en m\u00eame temps un lieu d\u2019information o\u00f9 seront d\u00e9livr\u00e9s des messages de pr\u00e9vention et, surtout, des zones de r\u00e9pit et d\u2019orientation o\u00f9 pourront se rendre ceux qui se sentent en ins\u00e9curit\u00e9.<\/p>\n<p>Place Saint-\u00c9tienne, le dispositif sera renforc\u00e9 par un \u00ab\u00a0espace s\u00e9cure\u00a0\u00bb, permettant de mettre au calme et en s\u00e9curit\u00e9 les personnes qui en auraient besoin et de prendre en charge et accompagner les potentielles victimes.<\/p>\n<p>Par ailleurs, des postes de secours seront implant\u00e9s place Broglie, place Kl\u00e9ber, place Gutenberg et place Saint-Thomas.<\/p>\n<p>Les m\u00e9diateurs de la Ville seront \u00e9galement pr\u00e9sents dans tout le centre-ville\u00a0: identifiables gr\u00e2ce \u00e0 leur t-shirt vert, ils distribueront des documents utiles, orienteront vers l\u2019\u00ab\u00a0espace s\u00e9cure\u00a0\u00bb et pourront intervenir en cas d\u2019urgence.<\/p>\n","protected":false},"excerpt":{"rendered":"Acc\u00e8s pi\u00e9ton Les pi\u00e9tons acc\u00e9deront librement \u00e0 la Grande-\u00cele de Strasbourg via les ponts ce samedi 21 juin.&hellip;\n","protected":false},"author":2,"featured_media":186103,"comment_status":"","ping_status":"","sticky":false,"template":"","format":"standard","meta":{"footnotes":""},"categories":[2820],"tags":[1111,11,3542,1687,2880,1777,674,3326,107,1011,27,775,12,25,640,2879,2803],"class_list":{"0":"post-186102","1":"post","2":"type-post","3":"status-publish","4":"format-standard","5":"has-post-thumbnail","7":"category-strasbourg","8":"tag-actu","9":"tag-actualites","10":"tag-circulation","11":"tag-culture-loisirs","12":"tag-edition-strasbourg","13":"tag-eu","14":"tag-europe","15":"tag-fete-locale","16":"tag-fil-info","17":"tag-fr","18":"tag-france","19":"tag-grand-est","20":"tag-news","21":"tag-republique-francaise","22":"tag-strasbourg","23":"tag-strasbourg-ville","24":"tag-transport"},"share_on_mastodon":{"url":"https:\/\/pubeurope.com\/@fr\/114704941275079480","error":""},"_links":{"self":[{"href":"https:\/\/www.europesays.com\/fr\/wp-json\/wp\/v2\/posts\/186102","targetHints":{"allow":["GET"]}}],"collection":[{"href":"https:\/\/www.europesays.com\/fr\/wp-json\/wp\/v2\/posts"}],"about":[{"href":"https:\/\/www.europesays.com\/fr\/wp-json\/wp\/v2\/types\/post"}],"author":[{"embeddable":true,"href":"https:\/\/www.europesays.com\/fr\/wp-json\/wp\/v2\/users\/2"}],"replies":[{"embeddable":true,"href":"https:\/\/www.europesays.com\/fr\/wp-json\/wp\/v2\/comments?post=186102"}],"version-history":[{"count":0,"href":"https:\/\/www.europesays.com\/fr\/wp-json\/wp\/v2\/posts\/186102\/revisions"}],"wp:featuredmedia":[{"embeddable":true,"href":"https:\/\/www.europesays.com\/fr\/wp-json\/wp\/v2\/media\/186103"}],"wp:attachment":[{"href":"https:\/\/www.europesays.com\/fr\/wp-json\/wp\/v2\/media?parent=186102"}],"wp:term":[{"taxonomy":"category","embeddable":true,"href":"https:\/\/www.europesays.com\/fr\/wp-json\/wp\/v2\/categories?post=186102"},{"taxonomy":"post_tag","embeddable":true,"href":"https:\/\/www.europesays.com\/fr\/wp-json\/wp\/v2\/tags?post=186102"}],"curies":[{"name":"wp","href":"https:\/\/api.w.org\/{rel}","templated":true}]}}