{"id":186110,"date":"2025-06-18T14:58:10","date_gmt":"2025-06-18T14:58:10","guid":{"rendered":"https:\/\/www.europesays.com\/fr\/186110\/"},"modified":"2025-06-18T14:58:10","modified_gmt":"2025-06-18T14:58:10","slug":"la-nouvelle-aquitaine-sassocie-au-programme-aero-excellence-pour-booster-sa-filiere-aeronautique","status":"publish","type":"post","link":"https:\/\/www.europesays.com\/fr\/186110\/","title":{"rendered":"La Nouvelle-Aquitaine s&rsquo;associe au programme Aero Excellence pour booster sa fili\u00e8re a\u00e9ronautique"},"content":{"rendered":"<p class=\"legende\">\n\t\t\t\t\t\t\t\t\tLe partenariat a \u00e9t\u00e9 sign\u00e9 lors du salon du Bourget. Cr\u00e9dits : LVG\n\t\t\t\t\t\t\t\t<\/p>\n<p class=\"excerpt\">Au salon du Bourget, la R\u00e9gion Nouvelle-Aquitaine et l&rsquo;association Space Aero ont officialis\u00e9 un partenariat visant \u00e0 int\u00e9grer le programme Aero Excellence dans le dispositif r\u00e9gional \u00ab Usine du Futur \u00bb. Objectif : accompagner la transformation des PME du secteur a\u00e9ronautique.<\/p>\n<p>Cet article premium vous int\u00e9resse ?<\/p>\n<p>Rejoignez nos 1000 adh\u00e9rents<\/p>\n<p>\n\t\t\t\t\t\t\t\t\t\t\t\t\t\tGagnez en visibilit\u00e9 et profitez d\u2019un r\u00e9seau de plusieurs centaines d\u2019adh\u00e9rents.\n\t\t\t\t\t\t\t\t\t\t\t\t\t<\/p>\n","protected":false},"excerpt":{"rendered":"Le partenariat a \u00e9t\u00e9 sign\u00e9 lors du salon du Bourget. Cr\u00e9dits : LVG Au salon du Bourget, la&hellip;\n","protected":false},"author":2,"featured_media":186111,"comment_status":"","ping_status":"","sticky":false,"template":"","format":"standard","meta":{"footnotes":""},"categories":[2817],"tags":[1111,11,1997,1777,674,1011,27,12,2219,5645,25],"class_list":{"0":"post-186110","1":"post","2":"type-post","3":"status-publish","4":"format-standard","5":"has-post-thumbnail","7":"category-bordeaux","8":"tag-actu","9":"tag-actualites","10":"tag-bordeaux","11":"tag-eu","12":"tag-europe","13":"tag-fr","14":"tag-france","15":"tag-news","16":"tag-nouvelle-aquitaine","17":"tag-placco-placeco","18":"tag-republique-francaise"},"share_on_mastodon":{"url":"https:\/\/pubeurope.com\/@fr\/114704960912757857","error":""},"_links":{"self":[{"href":"https:\/\/www.europesays.com\/fr\/wp-json\/wp\/v2\/posts\/186110","targetHints":{"allow":["GET"]}}],"collection":[{"href":"https:\/\/www.europesays.com\/fr\/wp-json\/wp\/v2\/posts"}],"about":[{"href":"https:\/\/www.europesays.com\/fr\/wp-json\/wp\/v2\/types\/post"}],"author":[{"embeddable":true,"href":"https:\/\/www.europesays.com\/fr\/wp-json\/wp\/v2\/users\/2"}],"replies":[{"embeddable":true,"href":"https:\/\/www.europesays.com\/fr\/wp-json\/wp\/v2\/comments?post=186110"}],"version-history":[{"count":0,"href":"https:\/\/www.europesays.com\/fr\/wp-json\/wp\/v2\/posts\/186110\/revisions"}],"wp:featuredmedia":[{"embeddable":true,"href":"https:\/\/www.europesays.com\/fr\/wp-json\/wp\/v2\/media\/186111"}],"wp:attachment":[{"href":"https:\/\/www.europesays.com\/fr\/wp-json\/wp\/v2\/media?parent=186110"}],"wp:term":[{"taxonomy":"category","embeddable":true,"href":"https:\/\/www.europesays.com\/fr\/wp-json\/wp\/v2\/categories?post=186110"},{"taxonomy":"post_tag","embeddable":true,"href":"https:\/\/www.europesays.com\/fr\/wp-json\/wp\/v2\/tags?post=186110"}],"curies":[{"name":"wp","href":"https:\/\/api.w.org\/{rel}","templated":true}]}}