{"id":186112,"date":"2025-06-18T14:59:10","date_gmt":"2025-06-18T14:59:10","guid":{"rendered":"https:\/\/www.europesays.com\/fr\/186112\/"},"modified":"2025-06-18T14:59:10","modified_gmt":"2025-06-18T14:59:10","slug":"lhopital-bagatelle-en-sursis-apres-un-desengagement-du-ministere-des-armees","status":"publish","type":"post","link":"https:\/\/www.europesays.com\/fr\/186112\/","title":{"rendered":"l&rsquo;h\u00f4pital Bagatelle en sursis apr\u00e8s un d\u00e9sengagement du minist\u00e8re des Arm\u00e9es"},"content":{"rendered":"<p>\u00abAujourd\u2019hui, la fondation Bagatelle est en p\u00e9ril et je p\u00e8se mes mots\u00bb, a d\u00e9clar\u00e9 lors d\u2019un point presse Gabriel Marly, pr\u00e9sident de la Fondation Maison de sant\u00e9 protestante de Bordeaux-Bagatelle, qui emploie 1600 salari\u00e9s et \u00absoigne 1200 personnes par jour en secteur 1 sans d\u00e9passement d\u2019honoraires\u00bb.<\/p>\n<p class=\"fig-paragraph\">L&rsquo;h\u00f4pital\u00a0<a href=\"http:\/\/www.lefigaro.fr\/bordeaux\/pres-de-bordeaux-la-8e-edition-du-festival-des-orphelins-des-pompiers-se-tiendra-debut-juin-a-talence-20230511\" data-fig-type=\"Article\" data-gtm-custom-categorie=\"navigation\" data-gtm-custom-action=\"crossclick\" data-gtm-custom-label=\"Contextuel\" data-gtm-event=\"customEventSPE\" data-fig-domain=\"LEFIGARO\" target=\"_blank\" rel=\"noopener\">Bagatelle de Talence<\/a>, \u00e0 c\u00f4t\u00e9 de\u00a0<a href=\"http:\/\/www.lefigaro.fr\/bordeaux\/bordeaux-4-ans-de-prison-pour-un-sexagenaire-qui-trouvait-ses-victimes-au-rayon-bonbon-d-un-supermarche-20250618\" data-fig-type=\"NewsFlash\" data-gtm-custom-categorie=\"navigation\" data-gtm-custom-action=\"crossclick\" data-gtm-custom-label=\"Contextuel\" data-gtm-event=\"customEventSPE\" data-fig-domain=\"LEFIGARO\" target=\"_blank\" rel=\"noopener\">Bordeaux<\/a>, est menac\u00e9 de cessation de paiements \u00e0 la suite du d\u00e9sengagement du\u00a0<a href=\"http:\/\/www.lefigaro.fr\/politique\/les-pistes-de-reflexion-du-ministere-des-armees-pour-doubler-les-effectifs-de-la-reserve-en-2030-20250505\" data-fig-type=\"Article\" data-gtm-custom-categorie=\"navigation\" data-gtm-custom-action=\"crossclick\" data-gtm-custom-label=\"Contextuel\" data-gtm-event=\"customEventSPE\" data-fig-domain=\"LEFIGARO\" target=\"_blank\" rel=\"noopener\">minist\u00e8re des Arm\u00e9es<\/a>\u00a0d&rsquo;un projet de fusion avec un \u00e9tablissement militaire voisin, a alert\u00e9 mercredi la fondation \u00e0 but non lucratif qui le g\u00e8re.<\/p>\n<p class=\"fig-paragraph\">\u00abAujourd&rsquo;hui, la fondation Bagatelle est en p\u00e9ril et je p\u00e8se mes mots\u00bb, a d\u00e9clar\u00e9 lors d&rsquo;un point presse Gabriel Marly, pr\u00e9sident de la Fondation Maison de sant\u00e9 protestante de Bordeaux-Bagatelle, qui emploie 1600 salari\u00e9s et \u00absoigne 1200 personnes par jour en secteur 1 sans d\u00e9passement d&rsquo;honoraires\u00bb. \u00abEn novembre ou d\u00e9cembre, la fondation sera en cessation de paiements. Notre tr\u00e9sorerie ne nous permettra pas de payer les salaires et, s&rsquo;il en existe, le solde des entreprises qui construisent en ce moment l&rsquo;h\u00f4pital\u00bb, a-t-il ajout\u00e9, pr\u00e9cisant avoir re\u00e7u deux alertes de son commissaire aux comptes.<\/p>\n<p>Partenariat revu \u00e0 cause du \u00abcontexte g\u00e9opolitique international\u00bb<\/p>\n<p class=\"fig-paragraph\">Fin 2016, Bagatelle avait sign\u00e9 un partenariat avec le minist\u00e8re des Arm\u00e9es pour construire un nouvel \u00e9tablissement regroupant \u00e0 terme, sur son site talen\u00e7ais, la maison de sant\u00e9 protestante et l&rsquo;h\u00f4pital militaire Robert Picqu\u00e9, situ\u00e9 \u00e0 un kilom\u00e8tre sur la commune de Villenave d&rsquo;Ornon.<\/p>\n<p class=\"fig-paragraph\">Pour financer ce projet baptis\u00e9 BaHIA, d&rsquo;un budget initial de 90 millions d&rsquo;euros et d&rsquo;un co\u00fbt final de 140 millions, \u00e9quipements compris, la fondation Bagatelle a emprunt\u00e9 67 millions d&rsquo;euros et l&rsquo;\u00c9tat s&rsquo;\u00e9tait engag\u00e9 \u00e0 hauteur de 24 millions sur 20 ans, a rappel\u00e9 M. Marly. Or \u00able minist\u00e8re des Arm\u00e9es, par surprise, est venu nous dire en juin 2023, vu le contexte g\u00e9opolitique international, que le SSA (<a href=\"https:\/\/www.lefigaro.fr\/international\/le-service-de-sante-des-armees-se-prepare-a-la-haute-intensite-20240328\" data-fig-type=\"Article\" data-gtm-custom-categorie=\"navigation\" data-gtm-custom-action=\"crossclick\" data-gtm-custom-label=\"Contextuel\" data-gtm-event=\"customEventSPE\" data-fig-domain=\"LEFIGARO\" target=\"_blank\" rel=\"noopener\">Service de sant\u00e9 des arm\u00e9es<\/a> ) avait l&rsquo;obligation de revoir le partenariat\u00bb.<\/p>\n<p>\u00abCe ne sera pas un h\u00f4pital public qui reprendra\u00bb<\/p>\n<p class=\"fig-paragraph\">Dans le cadre de la\u00a0<a href=\"http:\/\/www.lefigaro.fr\/politique\/defense-la-loi-de-programmation-militaire-dans-la-ligne-de-mire-de-bercy-20241010\" data-fig-type=\"Article\" data-gtm-custom-categorie=\"navigation\" data-gtm-custom-action=\"crossclick\" data-gtm-custom-label=\"Contextuel\" data-gtm-event=\"customEventSPE\" data-fig-domain=\"LEFIGARO\" target=\"_blank\" rel=\"noopener\">Loi de programmation militaire<\/a>\u00a02024-2030, le SSA \u00abrecentre son action au service des bless\u00e9s militaires\u00bb et Robert Picqu\u00e9 devient un \u00abp\u00f4le d&rsquo;excellence pour la r\u00e9habilitation physique et psychique\u00bb des soldats touch\u00e9s, ce qui \u00abconduit \u00e0 op\u00e9rer un retrait progressif du partenariat BaHIA\u00bb, confirme le minist\u00e8re des Arm\u00e9es dans un communiqu\u00e9. Il pr\u00e9cise avoir engag\u00e9 une \u00abm\u00e9diation\u00bb avec la fondation, sous l&rsquo;\u00e9gide du pr\u00e9fet de Gironde et en partenariat avec l&rsquo;Agence r\u00e9gionale de sant\u00e9, mais qui a achopp\u00e9 sur le volet financier, \u00abmalgr\u00e9 un effort substantiel\u00bb de sa part.<\/p>\n<p class=\"fig-paragraph\">Un d\u00e9dommagement de 3,5 millions d&rsquo;euros, en guise de solde de tout compte, a \u00e9t\u00e9 propos\u00e9 selon M. Marly, pour qui \u00able compte n&rsquo;y est pas\u00bb. Une nouvelle conciliation a \u00e9t\u00e9 engag\u00e9e, alors que le nouvel h\u00f4pital doit \u00eatre inaugur\u00e9 le 10 juillet.<\/p>\n<p class=\"fig-paragraph\">\u00abLe gros risque est qu&rsquo;en fin d&rsquo;ann\u00e9e, on ne puisse plus payer nos salaires, les m\u00e9dicaments, les soins, et donc qu&rsquo;on soit dans une situation de recherche de repreneurs. L&rsquo;h\u00f4pital est tout neuf, moderne, \u00e7a va int\u00e9resser quelqu&rsquo;un\u00bb, a insist\u00e9 la directrice g\u00e9n\u00e9rale, le Dr Blandine Filet. \u00abCe ne sera pas un h\u00f4pital public qui reprendra. Ce sera s\u00fbrement une clinique priv\u00e9e \u00e0 but lucratif, comme ils ont tendance \u00e0 se regrouper beaucoup\u00bb, a pr\u00e9venu M. Marly.<\/p>\n","protected":false},"excerpt":{"rendered":"\u00abAujourd\u2019hui, la fondation Bagatelle est en p\u00e9ril et je p\u00e8se mes mots\u00bb, a d\u00e9clar\u00e9 lors d\u2019un point presse&hellip;\n","protected":false},"author":2,"featured_media":186113,"comment_status":"","ping_status":"","sticky":false,"template":"","format":"standard","meta":{"footnotes":""},"categories":[2817],"tags":[1111,11,1997,2916,2911,2910,2915,2909,2904,2913,2912,2914,2906,2907,1777,674,1011,27,2905,2908,100,23194,12,2219,25],"class_list":{"0":"post-186112","1":"post","2":"type-post","3":"status-publish","4":"format-standard","5":"has-post-thumbnail","7":"category-bordeaux","8":"tag-actu","9":"tag-actualites","10":"tag-bordeaux","11":"tag-bordeaux-cauderan","12":"tag-bordeaux-centre-ville","13":"tag-bordeaux-chartrons-grand-parc-jardin-public","14":"tag-bordeaux-la-bastide","15":"tag-bordeaux-maritime","16":"tag-bordeaux-metropole","17":"tag-bordeaux-nansouty-st-genes","18":"tag-bordeaux-st-augustin-tauzin-alphonse-dupeux","19":"tag-bordeaux-sud","20":"tag-capitale-de-gaule","21":"tag-cathedrale-gothique-de-saint-andre","22":"tag-eu","23":"tag-europe","24":"tag-fr","25":"tag-france","26":"tag-gironde","27":"tag-girondins-de-bordeaux","28":"tag-hopital","29":"tag-ministere-des-armees","30":"tag-news","31":"tag-nouvelle-aquitaine","32":"tag-republique-francaise"},"share_on_mastodon":{"url":"","error":"Validation failed: Text character limit of 500 exceeded"},"_links":{"self":[{"href":"https:\/\/www.europesays.com\/fr\/wp-json\/wp\/v2\/posts\/186112","targetHints":{"allow":["GET"]}}],"collection":[{"href":"https:\/\/www.europesays.com\/fr\/wp-json\/wp\/v2\/posts"}],"about":[{"href":"https:\/\/www.europesays.com\/fr\/wp-json\/wp\/v2\/types\/post"}],"author":[{"embeddable":true,"href":"https:\/\/www.europesays.com\/fr\/wp-json\/wp\/v2\/users\/2"}],"replies":[{"embeddable":true,"href":"https:\/\/www.europesays.com\/fr\/wp-json\/wp\/v2\/comments?post=186112"}],"version-history":[{"count":0,"href":"https:\/\/www.europesays.com\/fr\/wp-json\/wp\/v2\/posts\/186112\/revisions"}],"wp:featuredmedia":[{"embeddable":true,"href":"https:\/\/www.europesays.com\/fr\/wp-json\/wp\/v2\/media\/186113"}],"wp:attachment":[{"href":"https:\/\/www.europesays.com\/fr\/wp-json\/wp\/v2\/media?parent=186112"}],"wp:term":[{"taxonomy":"category","embeddable":true,"href":"https:\/\/www.europesays.com\/fr\/wp-json\/wp\/v2\/categories?post=186112"},{"taxonomy":"post_tag","embeddable":true,"href":"https:\/\/www.europesays.com\/fr\/wp-json\/wp\/v2\/tags?post=186112"}],"curies":[{"name":"wp","href":"https:\/\/api.w.org\/{rel}","templated":true}]}}