{"id":186116,"date":"2025-06-18T15:01:13","date_gmt":"2025-06-18T15:01:13","guid":{"rendered":"https:\/\/www.europesays.com\/fr\/186116\/"},"modified":"2025-06-18T15:01:13","modified_gmt":"2025-06-18T15:01:13","slug":"toulouse-le-centre-ville-entierement-pieton-a-loccasion-de-la-fete-de-la-musique-voici-le-secteur-concerne","status":"publish","type":"post","link":"https:\/\/www.europesays.com\/fr\/186116\/","title":{"rendered":"Toulouse. Le centre-ville enti\u00e8rement pi\u00e9ton \u00e0 l&rsquo;occasion de la F\u00eate de la musique : voici le secteur concern\u00e9"},"content":{"rendered":"<p>            Par<br \/>\n        <strong><br \/>\n            <a href=\"https:\/\/actu.fr\/auteur\/lea-afonso\" title=\"Consulter tous les articles de L\u00e9a Afonso\" rel=\"nofollow noopener\" target=\"_blank\">L\u00e9a Afonso<\/a><br \/>\n        <\/strong><\/p>\n<p>        Publi\u00e9 le<\/p>\n<p>            18 juin 2025 \u00e0 16h45        <\/p>\n<p>Le premier jour de l\u2019\u00e9t\u00e9 rime avec F\u00eate de la musique \u00e0 <a href=\"https:\/\/actu.fr\/toulouse\/\" rel=\"nofollow noopener\" target=\"_blank\">Toulouse<\/a>. Animations, concerts et bonne humeur sont attendus dans toute la ville le samedi 21 juin 2025. Alors pour garantir la s\u00e9curit\u00e9 de tous, la mairie de Toulouse a annonc\u00e9 qu\u2019elle va r\u00e9server l\u2019acc\u00e8s au centre-ville aux<strong> pi\u00e9tons et aux modes doux.\u00a0<\/strong><\/p>\n<p>Pi\u00e9tonniser pour garantir la s\u00e9curit\u00e9\u00a0<\/p>\n<p class=\" wall-content\">\u00ab\u00a0Pour permettre au public tr\u00e8s nombreux qui participera \u00e0 cette soir\u00e9e de d\u00e9ambuler en toute tranquillit\u00e9 et s\u00e9curit\u00e9 et de profiter pleinement du c\u0153ur battant de la F\u00eate de Musique, la<strong> Mairie de Toulouse<\/strong> va r\u00e9server <strong>l\u2019acc\u00e8s au centre-ville (\u00e9largi \u00e0 Saint-Cyprien)<\/strong> aux <strong>pi\u00e9tons<\/strong> et aux<strong> modes de d\u00e9placement doux<\/strong>\u00ab\u00a0, annonce la Ville ce mercredi 18 juin 2025.<\/p>\n<p class=\" wall-content\">Cette mesure sera effective<strong> du samedi 21 juin, \u00e0 18h, jusqu\u2019au dimanche 22 juin \u00e0 02h<\/strong> <strong>du matin.<\/strong> Les premi\u00e8res restrictions de circulation seront quant \u00e0 elles mises en place \u00e0 partir de 15h le samedi 21 juin. \u00ab\u00a0D\u2019autres adaptations sont pr\u00e9vues pour fluidifier la circulation en p\u00e9riph\u00e9rie de ce secteur\u00a0\u00bb rassure la mairie.<\/p>\n<p>Voici le p\u00e9rim\u00e8tre concern\u00e9 :<br \/>\n    <img   decoding=\"async\" loading=\"lazy\" src=\"https:\/\/www.europesays.com\/fr\/wp-content\/uploads\/2025\/06\/capture-decran-2025-06-18-162319-960x640.png\" alt=\"En vert, le secteur concern\u00e9 par l'interdiction de circuler en centre-ville de Toulouse, \u00e0 l'occasion de la f\u00eate de la musique, le samedi 21 juin 2025\" width=\"960\" height=\"640\"\/><br \/>\n    En vert, le secteur concern\u00e9 par l\u2019interdiction de circuler en centre-ville de Toulouse, \u00e0 l\u2019occasion de la F\u00eate de la musique, le samedi 21 juin 2025 (\u00a9Capture d\u2019\u00e9cran mairie de Toulouse)Voitures interdites\u2026 mais pas que\u00a0<\/p>\n<p class=\" wall-content\">La mairie de Toulouse ne s\u2019arr\u00eate pas \u00e0 la pi\u00e9tonisation. Pour que tous, f\u00eatards comme r\u00e9sidents, passent une bonne soir\u00e9e<strong>, d\u2019autres mesures sont prises,<\/strong> notamment concernant les<strong> nuisances sonores et les risques de d\u00e9bordements<\/strong> :\u00a0<\/p>\n<ul class=\" wall-content\">\n<li>la vente d\u2019alcool est interdite sur le domaine public ainsi que la vente occasionnelle ambulante de boissons<\/li>\n<li>la diffusion de musique amplifi\u00e9e sur la voie publique devra cesser au plus tard \u00e0 1h du matin, dans la nuit de samedi 21 \u00e0 dimanche 22 juin 2025, sur l\u2019ensemble du territoire communal<\/li>\n<li>interdiction de l\u2019utilisation de p\u00e9tards et feux d\u2019artifice<\/li>\n<li>l\u2019installation de structures d\u00e9montables pour accueillir du public ou des musiciens et l\u2019installation d\u2019\u00e9crans ou de jeux de lumi\u00e8res sont strictement interdites<\/li>\n<\/ul>\n<p>Vid\u00e9os : en ce moment sur Actu<\/p>\n<p class=\" wall-content\">Suivez toute l\u2019actualit\u00e9 de vos villes et m\u00e9dias favoris en vous inscrivant \u00e0 <a href=\"https:\/\/moncompte.actu.fr\" title=\"D\u00e9couvez Mon Actu\" rel=\"nofollow noopener\" data-trk=\"{&quot;cta&quot;:{&quot;action&quot;:&quot;https:\\\/\\\/moncompte.actu.fr&quot;,&quot;category&quot;:&quot;mon compte&quot;,&quot;from&quot;:&quot;article footer&quot;,&quot;name&quot;:&quot;Mon actu&quot;,&quot;type&quot;:&quot;cta&quot;}}\" target=\"_blank\">Mon Actu<\/a>.<\/p>\n<ul class=\"ac-article-tag wall-content\">\n<li><a href=\"https:\/\/actu.fr\/tag\/fete-de-la-musique\" data-trk=\"{&quot;cta&quot;:{&quot;action&quot;:&quot;F\\u00eate de la musique&quot;,&quot;category&quot;:&quot;tag&quot;,&quot;from&quot;:&quot;article footer&quot;,&quot;name&quot;:&quot;F\\u00eate de la musique&quot;,&quot;type&quot;:&quot;cta&quot;}}\" rel=\"nofollow noopener\" target=\"_blank\">#F\u00eate de la musique<\/a><\/li>\n<li><a href=\"https:\/\/actu.fr\/tag\/sortir-a-toulouse\" data-trk=\"{&quot;cta&quot;:{&quot;action&quot;:&quot;Sortir \\u00e0 Toulouse&quot;,&quot;category&quot;:&quot;tag&quot;,&quot;from&quot;:&quot;article footer&quot;,&quot;name&quot;:&quot;Sortir \\u00e0 Toulouse&quot;,&quot;type&quot;:&quot;cta&quot;}}\" rel=\"nofollow noopener\" target=\"_blank\">#Sortir \u00e0 Toulouse<\/a><\/li>\n<\/ul>\n","protected":false},"excerpt":{"rendered":"Par L\u00e9a Afonso Publi\u00e9 le 18 juin 2025 \u00e0 16h45 Le premier jour de l\u2019\u00e9t\u00e9 rime avec F\u00eate&hellip;\n","protected":false},"author":2,"featured_media":186117,"comment_status":"","ping_status":"","sticky":false,"template":"","format":"standard","meta":{"footnotes":""},"categories":[2816],"tags":[1111,11,1777,674,25885,1011,27,1652,12,2680,25,1341,2312],"class_list":{"0":"post-186116","1":"post","2":"type-post","3":"status-publish","4":"format-standard","5":"has-post-thumbnail","7":"category-toulouse","8":"tag-actu","9":"tag-actualites","10":"tag-eu","11":"tag-europe","12":"tag-fete-de-la-musique","13":"tag-fr","14":"tag-france","15":"tag-loisirs-culture","16":"tag-news","17":"tag-occitanie","18":"tag-republique-francaise","19":"tag-sortir-a-toulouse","20":"tag-toulouse"},"share_on_mastodon":{"url":"https:\/\/pubeurope.com\/@fr\/114704972964017362","error":""},"_links":{"self":[{"href":"https:\/\/www.europesays.com\/fr\/wp-json\/wp\/v2\/posts\/186116","targetHints":{"allow":["GET"]}}],"collection":[{"href":"https:\/\/www.europesays.com\/fr\/wp-json\/wp\/v2\/posts"}],"about":[{"href":"https:\/\/www.europesays.com\/fr\/wp-json\/wp\/v2\/types\/post"}],"author":[{"embeddable":true,"href":"https:\/\/www.europesays.com\/fr\/wp-json\/wp\/v2\/users\/2"}],"replies":[{"embeddable":true,"href":"https:\/\/www.europesays.com\/fr\/wp-json\/wp\/v2\/comments?post=186116"}],"version-history":[{"count":0,"href":"https:\/\/www.europesays.com\/fr\/wp-json\/wp\/v2\/posts\/186116\/revisions"}],"wp:featuredmedia":[{"embeddable":true,"href":"https:\/\/www.europesays.com\/fr\/wp-json\/wp\/v2\/media\/186117"}],"wp:attachment":[{"href":"https:\/\/www.europesays.com\/fr\/wp-json\/wp\/v2\/media?parent=186116"}],"wp:term":[{"taxonomy":"category","embeddable":true,"href":"https:\/\/www.europesays.com\/fr\/wp-json\/wp\/v2\/categories?post=186116"},{"taxonomy":"post_tag","embeddable":true,"href":"https:\/\/www.europesays.com\/fr\/wp-json\/wp\/v2\/tags?post=186116"}],"curies":[{"name":"wp","href":"https:\/\/api.w.org\/{rel}","templated":true}]}}