{"id":186118,"date":"2025-06-18T15:02:11","date_gmt":"2025-06-18T15:02:11","guid":{"rendered":"https:\/\/www.europesays.com\/fr\/186118\/"},"modified":"2025-06-18T15:02:11","modified_gmt":"2025-06-18T15:02:11","slug":"fete-de-la-musique-ed-sheeran-au-stade-les-transports-renforces-en-metropole-de-lille-les-20-et-21-juin","status":"publish","type":"post","link":"https:\/\/www.europesays.com\/fr\/186118\/","title":{"rendered":"F\u00eate de la musique, Ed Sheeran au stade,.. Les transports renforc\u00e9s en m\u00e9tropole de Lille les 20 et 21 juin"},"content":{"rendered":"<p>            Par<br \/>\n        <strong><br \/>\n            <a href=\"https:\/\/actu.fr\/auteur\/amandine-vachez\" title=\"Consulter tous les articles de Amandine Vachez\" rel=\"nofollow noopener\" target=\"_blank\">Amandine Vachez<\/a><br \/>\n        <\/strong><\/p>\n<p>        Publi\u00e9 le<\/p>\n<p>            18 juin 2025 \u00e0 16h36        <\/p>\n<p>L\u2019\u00e9t\u00e9 revient, et avec lui de nombreux <b>gros \u00e9v\u00e9nements<\/b>, dans la m\u00e9tropole de <a href=\"https:\/\/actu.fr\/lille\/\" rel=\"nofollow noopener\" target=\"_blank\">Lille<\/a> (Nord). Pour faciliter les d\u00e9placements des usagers des <a href=\"https:\/\/actu.fr\/tag\/transport\" rel=\"nofollow noopener\" target=\"_blank\">transports<\/a> en commun, le gestionnaire du r\u00e9seau <a href=\"https:\/\/actu.fr\/tag\/ilevia\" rel=\"nofollow noopener\" target=\"_blank\">il\u00e9via<\/a> annonce qu\u2019il<b> module son offre les vendredi\u00a020 et samedi 21\u00a0juin 2025.<\/b><\/p>\n<p>Trois gros \u00e9v\u00e9nements sur le secteur<\/p>\n<p class=\" wall-content\">Deux soirs de suite, la star Ed Sheeran sera <a href=\"https:\/\/actu.fr\/hauts-de-france\/villeneuve-d-ascq_59009\/ed-sheeran-a-villeneuve-dascq-le-concert-complet-en-3-heures-il-reste-des-places-pour-une-nouvelle-date_61335482.html\" rel=\"nofollow noopener\" target=\"_blank\">au Grand Stade de Villeneuve-d\u2019Ascq<\/a>, vendredi\u00a020 et samedi 21\u00a0juin. En marge de ce dernier concert, les villes vibreront au rythme de la <a href=\"https:\/\/actu.fr\/hauts-de-france\/lille_59350\/concerts-open-mic-fanfares-quel-programme-a-lille-pour-la-fete-de-la-musique_62771993.html\" rel=\"nofollow noopener\" target=\"_blank\">F\u00eate de la musique<\/a>, qui vient enjailler les habitants chaque ann\u00e9e le 21\u00a0juin. Autre \u00e9v\u00e9nement notable\u2009: <a href=\"https:\/\/actu.fr\/hauts-de-france\/roubaix_59512\/festival-urbx-voici-les-stars-du-rap-attendues-a-ledition-2025-dans-la-metropole-de-lille_62707748.html\" rel=\"nofollow noopener\" target=\"_blank\">URBX \u00e0 Roubaix<\/a>, avec un gros concert gratuit sur la Grand\u2019Place, le samedi soir.<\/p>\n<p class=\" wall-content\">Voici l\u2019offre adapt\u00e9e pour permettre \u00e0 un maximum de monde de se rendre sur les \u00e9v\u00e9nements en transport\u2009:<\/p>\n<ul class=\" wall-content\">\n<li><b>M\u00e9tro\u2009: <\/b>il\u00e9via annonce que les deux lignes de m\u00e9tro circuleront avec une amplitude renforc\u00e9e le vendredi et samedi soir, avec un dernier d\u00e9part pr\u00e9vu pour chaque ligne \u00e0 1\u2009h\u200930 de Gare Lille Flandres dans toutes les directions.<\/li>\n<li><b>Navettes vers le stade\u2009: <\/b>afin de faciliter l\u2019acc\u00e8s \u00e0 la Decathlon Arena Stade Pierre Mauroy pour chaque concert d\u2019Ed Sheeran, des navettes gratuites et accessibles \u00e0 tous les passagers d\u00e9tenteurs d\u2019un billet du concert et munis d\u2019un titre de transport valide, circuleront entre la station de m\u00e9tro Les Pr\u00e9s (ligne 2) et le stade d\u00e8s 16\u2009h.<\/li>\n<li><b>Tram\u2009: <\/b>le samedi soir, le tramway circulera \u00e9galement une heure de plus, avec un dernier d\u00e9part de Gare Lille Flandres \u00e0 1\u2009h\u200920 sur la branche Roubaix et 1\u2009h\u200930 sur la branche Tourcoing.<\/li>\n<\/ul>\n<p>Vid\u00e9os : en ce moment sur Actu<\/p>\n<p class=\" wall-content\">En ce qui concerne les concerts au Grand Stade, il\u00e9via ajoute que, l\u2019ouverture des portes du Stade Pierre Mauroy s\u2019effectuant deux \u00e0 trois heures avant l\u2019\u00e9v\u00e9nement, \u00ab\u2009les voyageurs [sont invit\u00e9s] \u00e0 anticiper leur trajet en raison de l\u2019affluence attendue sur le r\u00e9seau le jour du concert.\u2009\u00bb<\/p>\n<p class=\" wall-content\">Pourvu que ce week-end n\u2019entre pas en r\u00e9sonance avec les perturbations <a href=\"https:\/\/actu.fr\/hauts-de-france\/lille_59350\/metro-de-lille-ilevia-cest-a-nouveau-la-pagaille-sur-la-ligne-1-ce-lundi_62776591.html\" rel=\"nofollow noopener\" target=\"_blank\">du d\u00e9but de semaine<\/a> ou <a href=\"https:\/\/actu.fr\/hauts-de-france\/lille_59350\/metro-de-lille-ilevia-la-ligne-1-touchee-par-des-interruptions-en-pleine-pride_62683597.html\" rel=\"nofollow noopener\" target=\"_blank\">du 24\u00a0mai dernier<\/a>, jour de la pride \u00e0 Lille et du concert de Bruce Springsteen \u00e0 Villeneuve-d\u2019Ascq.<\/p>\n<p class=\" wall-content\">Suivez toute l\u2019actualit\u00e9 de vos villes et m\u00e9dias favoris en vous inscrivant \u00e0 <a href=\"https:\/\/moncompte.actu.fr\" title=\"D\u00e9couvez Mon Actu\" rel=\"nofollow noopener\" data-trk=\"{&quot;cta&quot;:{&quot;action&quot;:&quot;https:\\\/\\\/moncompte.actu.fr&quot;,&quot;category&quot;:&quot;mon compte&quot;,&quot;from&quot;:&quot;article footer&quot;,&quot;name&quot;:&quot;Mon actu&quot;,&quot;type&quot;:&quot;cta&quot;}}\" target=\"_blank\">Mon Actu<\/a>.<\/p>\n","protected":false},"excerpt":{"rendered":"Par Amandine Vachez Publi\u00e9 le 18 juin 2025 \u00e0 16h36 L\u2019\u00e9t\u00e9 revient, et avec lui de nombreux gros&hellip;\n","protected":false},"author":2,"featured_media":186119,"comment_status":"","ping_status":"","sticky":false,"template":"","format":"standard","meta":{"footnotes":""},"categories":[2815],"tags":[1111,11,1777,674,25885,1011,27,811,4288,1307,1652,12,25,2803],"class_list":{"0":"post-186118","1":"post","2":"type-post","3":"status-publish","4":"format-standard","5":"has-post-thumbnail","7":"category-lille","8":"tag-actu","9":"tag-actualites","10":"tag-eu","11":"tag-europe","12":"tag-fete-de-la-musique","13":"tag-fr","14":"tag-france","15":"tag-hauts-de-france","16":"tag-ilevia","17":"tag-lille","18":"tag-loisirs-culture","19":"tag-news","20":"tag-republique-francaise","21":"tag-transport"},"share_on_mastodon":{"url":"https:\/\/pubeurope.com\/@fr\/114704976763302701","error":""},"_links":{"self":[{"href":"https:\/\/www.europesays.com\/fr\/wp-json\/wp\/v2\/posts\/186118","targetHints":{"allow":["GET"]}}],"collection":[{"href":"https:\/\/www.europesays.com\/fr\/wp-json\/wp\/v2\/posts"}],"about":[{"href":"https:\/\/www.europesays.com\/fr\/wp-json\/wp\/v2\/types\/post"}],"author":[{"embeddable":true,"href":"https:\/\/www.europesays.com\/fr\/wp-json\/wp\/v2\/users\/2"}],"replies":[{"embeddable":true,"href":"https:\/\/www.europesays.com\/fr\/wp-json\/wp\/v2\/comments?post=186118"}],"version-history":[{"count":0,"href":"https:\/\/www.europesays.com\/fr\/wp-json\/wp\/v2\/posts\/186118\/revisions"}],"wp:featuredmedia":[{"embeddable":true,"href":"https:\/\/www.europesays.com\/fr\/wp-json\/wp\/v2\/media\/186119"}],"wp:attachment":[{"href":"https:\/\/www.europesays.com\/fr\/wp-json\/wp\/v2\/media?parent=186118"}],"wp:term":[{"taxonomy":"category","embeddable":true,"href":"https:\/\/www.europesays.com\/fr\/wp-json\/wp\/v2\/categories?post=186118"},{"taxonomy":"post_tag","embeddable":true,"href":"https:\/\/www.europesays.com\/fr\/wp-json\/wp\/v2\/tags?post=186118"}],"curies":[{"name":"wp","href":"https:\/\/api.w.org\/{rel}","templated":true}]}}