{"id":186124,"date":"2025-06-18T15:05:09","date_gmt":"2025-06-18T15:05:09","guid":{"rendered":"https:\/\/www.europesays.com\/fr\/186124\/"},"modified":"2025-06-18T15:05:09","modified_gmt":"2025-06-18T15:05:09","slug":"un-magistrat-condamne-a-de-la-prison-avec-sursis-pour-escroquerie-et-usurpation-de-plaques-dimmatriculation","status":"publish","type":"post","link":"https:\/\/www.europesays.com\/fr\/186124\/","title":{"rendered":"Un magistrat condamn\u00e9 \u00e0 de la prison avec sursis pour escroquerie et usurpation de plaques d\u2019immatriculation"},"content":{"rendered":"<p>L\u2019affaire, sensible, avait \u00e9t\u00e9 d\u00e9localis\u00e9e au tribunal judiciaire de <a href=\"https:\/\/www.20minutes.fr\/dossier\/nimes\" class=\"color-ultramarine c-link\" target=\"_blank\" rel=\"noopener\">N\u00eemes<\/a> compte tenu de la personnalit\u00e9 du pr\u00e9venu. Un magistrat <a href=\"https:\/\/www.20minutes.fr\/marseille\/\" class=\"color-ultramarine c-link\" target=\"_blank\" rel=\"noopener\">marseillais<\/a> a \u00e9t\u00e9 condamn\u00e9 lundi \u00e0 quatorze mois de prison avec sursis et \u00e0 la confiscation de 16.000 euros saisis sur ses comptes bancaires.<\/p>\n<p>Le magistrat a \u00e9t\u00e9 reconnu coupable \u00ab\u00a0des faits d\u2019<a href=\"https:\/\/www.20minutes.fr\/dossier\/escroquerie\" class=\"color-ultramarine c-link\" target=\"_blank\" rel=\"noopener\">escroqueries<\/a> aux paiements de <a href=\"https:\/\/www.20minutes.fr\/dossier\/peages\" class=\"color-ultramarine c-link\" target=\"_blank\" rel=\"noopener\">p\u00e9ages<\/a> autoroutiers par usage de fausses plaques d\u2019immatriculation\u00a0\u00bb, pr\u00e9cise la procureure de la R\u00e9publique de N\u00eemes, C\u00e9cile Gensac. \u00ab\u00a0Ainsi que de fausses d\u00e9clarations d\u2019usurpation de plaques d\u2019immatriculation afin d\u2019\u00e9chapper aux paiements de contraventions\u00a0\u00bb.<\/p>\n<p>\u00ab\u00a0Le mis en cause a reconnu les faits\u00a0\u00bb<\/p>\n<p>Les faits se sont produits dans le <a href=\"https:\/\/www.20minutes.fr\/societe\/var\/\" class=\"color-ultramarine c-link\" target=\"_blank\" rel=\"noopener\">Var<\/a>. Une douzaine d\u2019infractions lui auraient \u00e9t\u00e9 reproch\u00e9es au total. \u00ab\u00a0Le mis en cause a reconnu les faits et a accept\u00e9, dans le cadre d\u2019une comparution sur reconnaissance pr\u00e9alable de culpabilit\u00e9\u00a0\u00bb, sa condamnation, pr\u00e9cise le parquet de N\u00eemes. Outre sa condamnation \u00e0 de la prison avec sursis, son permis lui a \u00e9t\u00e9 retir\u00e9 avec interdiction de le repasser avant un d\u00e9lai de quatre mois.<\/p>\n<\/p>\n<p>L\u2019identit\u00e9 du juge n\u2019a pas \u00e9t\u00e9 divulgu\u00e9e par le parquet de N\u00eemes. <a href=\"https:\/\/www.midilibre.fr\/2025\/06\/18\/un-juge-marseillais-epingle-par-la-justice-nimoise-ecope-de-18-mois-de-prison-avec-sursis-pour-escroquerie-et-usurpation-de-plaques-dimmatriculation-12769456.php\" target=\"_blank\" class=\"color-ultramarine c-link\" rel=\"noopener\">Midi Libre<\/a> le pr\u00e9sente comme une \u00ab\u00a0figure de la justice du sud de la France et s\u2019est illustr\u00e9 \u00e0 de nombreuses reprises dans des dossiers complexes et des affaires de grande envergure\u00a0\u00bb. Cette condamnation \u00e9tant susceptible d\u2019appel, il demeure pr\u00e9sum\u00e9 innocent tant qu\u2019une d\u00e9cision d\u00e9finitive n\u2019est pas intervenue dans le dossier.<\/p>\n","protected":false},"excerpt":{"rendered":"L\u2019affaire, sensible, avait \u00e9t\u00e9 d\u00e9localis\u00e9e au tribunal judiciaire de N\u00eemes compte tenu de la personnalit\u00e9 du pr\u00e9venu. Un&hellip;\n","protected":false},"author":2,"featured_media":186125,"comment_status":"","ping_status":"","sticky":false,"template":"","format":"standard","meta":{"footnotes":""},"categories":[2814],"tags":[1111,47,11,885,3513,1777,674,1011,27,2679,303,2681,884,12,2682,2680,883,882,25,32408,7506],"class_list":{"0":"post-186124","1":"post","2":"type-post","3":"status-publish","4":"format-standard","5":"has-post-thumbnail","7":"category-marseille","8":"tag-actu","9":"tag-actualite","10":"tag-actualites","11":"tag-bouches-du-rhone","12":"tag-escroquerie","13":"tag-eu","14":"tag-europe","15":"tag-fr","16":"tag-france","17":"tag-gard","18":"tag-justice","19":"tag-languedoc-roussillon","20":"tag-marseille","21":"tag-news","22":"tag-nimes","23":"tag-occitanie","24":"tag-paca","25":"tag-provence-alpes-cote-dazur","26":"tag-republique-francaise","27":"tag-usurpation-didentite","28":"tag-var"},"share_on_mastodon":{"url":"https:\/\/pubeurope.com\/@fr\/114704988555016862","error":""},"_links":{"self":[{"href":"https:\/\/www.europesays.com\/fr\/wp-json\/wp\/v2\/posts\/186124","targetHints":{"allow":["GET"]}}],"collection":[{"href":"https:\/\/www.europesays.com\/fr\/wp-json\/wp\/v2\/posts"}],"about":[{"href":"https:\/\/www.europesays.com\/fr\/wp-json\/wp\/v2\/types\/post"}],"author":[{"embeddable":true,"href":"https:\/\/www.europesays.com\/fr\/wp-json\/wp\/v2\/users\/2"}],"replies":[{"embeddable":true,"href":"https:\/\/www.europesays.com\/fr\/wp-json\/wp\/v2\/comments?post=186124"}],"version-history":[{"count":0,"href":"https:\/\/www.europesays.com\/fr\/wp-json\/wp\/v2\/posts\/186124\/revisions"}],"wp:featuredmedia":[{"embeddable":true,"href":"https:\/\/www.europesays.com\/fr\/wp-json\/wp\/v2\/media\/186125"}],"wp:attachment":[{"href":"https:\/\/www.europesays.com\/fr\/wp-json\/wp\/v2\/media?parent=186124"}],"wp:term":[{"taxonomy":"category","embeddable":true,"href":"https:\/\/www.europesays.com\/fr\/wp-json\/wp\/v2\/categories?post=186124"},{"taxonomy":"post_tag","embeddable":true,"href":"https:\/\/www.europesays.com\/fr\/wp-json\/wp\/v2\/tags?post=186124"}],"curies":[{"name":"wp","href":"https:\/\/api.w.org\/{rel}","templated":true}]}}