{"id":186132,"date":"2025-06-18T15:09:08","date_gmt":"2025-06-18T15:09:08","guid":{"rendered":"https:\/\/www.europesays.com\/fr\/186132\/"},"modified":"2025-06-18T15:09:08","modified_gmt":"2025-06-18T15:09:08","slug":"meteo-plusieurs-nuits-tropicales-prevues-a-paris-et-en-ile-de-france-la-temperature-ne-baissera-pas","status":"publish","type":"post","link":"https:\/\/www.europesays.com\/fr\/186132\/","title":{"rendered":"M\u00e9t\u00e9o. Plusieurs nuits tropicales pr\u00e9vues \u00e0 Paris et en \u00cele-de-France, la temp\u00e9rature ne baissera pas"},"content":{"rendered":"<p>            Par<br \/>\n        <strong><br \/>\n            <a href=\"https:\/\/actu.fr\/auteur\/redaction-paris\" title=\"Consulter tous les articles de R\u00e9daction Paris\" rel=\"nofollow noopener\" target=\"_blank\">R\u00e9daction Paris<\/a><br \/>\n        <\/strong><\/p>\n<p>        Publi\u00e9 le<\/p>\n<p>            18 juin 2025 \u00e0 17h00        <\/p>\n<p>Les personnes fragiles et celles qui n\u2019appr\u00e9cient pas la chaleur vont devoir redoubler de vigilance. \u00c0 partir de jeudi 19\u00a0juin 2025, \u00e0 Paris et en \u00cele-de-France, va conna\u00eetre une <a href=\"https:\/\/actu.fr\/tag\/vague-de-chaleur\" rel=\"nofollow noopener\" target=\"_blank\">vague de chaleur<\/a> et le mercure ne redescendra pas en dessous de 20\u00b0C, m\u00eame la nuit. Un ph\u00e9nom\u00e8ne <a href=\"https:\/\/actu.fr\/paris\/meteo\" rel=\"nofollow noopener\" target=\"_blank\">m\u00e9t\u00e9o<\/a> connu sous le nom de\u2009: <strong>nuits tropicales<\/strong>.<\/p>\n<p>Jusqu\u2019\u00e0 35\u00b0C en journ\u00e9e<\/p>\n<p class=\" wall-content\">Jeudi 19\u00a0juin 2025, il fera entre 22\u00b0C et 30\u00b0C, pr\u00e9voit <a href=\"https:\/\/actu.fr\/tag\/meteo-france\" rel=\"nofollow noopener\" target=\"_blank\">M\u00e9t\u00e9o France<\/a>. Le lendemain, vendredi 20\u00a0juin 2025, il fera 23\u00b0C la nuit et jusqu\u2019\u00e0 33\u00b0C au plus chaud de la journ\u00e9e. Samedi 21\u00a0juin 2025, jour de solstice et de la f\u00eate de la musique, les <strong>temp\u00e9ratures oscilleront<\/strong> entre 26\u00b0C et 35\u00b0C. Il est possible que la r\u00e9gion soit plac\u00e9e en alerte canicule puisque les seuils \u00e0 Paris et en petite couronne se situent entre 31\u00b0C et 21\u00b0C.<\/p>\n<p class=\" wall-content\">Une situation qui, selon l\u2019organisme, peut \u00eatre difficile \u00e0 g\u00e9rer. Les <strong>autorit\u00e9s sanitaires<\/strong> recommandent d\u2019adopter certaines pratiques\u2009:<\/p>\n<p class=\" wall-content\">\u2013 Restez au frais (chez vous ou dans un lieu rafra\u00eechi)\u2009;<br \/>\u2013 Buvez de l\u2019eau (sans attendre d\u2019avoir soif)\u2009;<br \/>\u2013 Mouillez-vous le corps\u2009;<br \/>\u2013 Fermez les volets et fen\u00eatres le jour\u2009;<br \/>\u2013 A\u00e9rez la nuit\u2009;<br \/>\u2013 Privil\u00e9giez les activit\u00e9s douces et sans effort\u2009;<br \/>\u2013 Mangez frais, \u00e9quilibr\u00e9 et en quantit\u00e9 suffisante\u2009;<br \/>\u2013 \u00c9vitez l\u2019alcool<\/p>\n<p class=\" wall-content\">Suivez toute l\u2019actualit\u00e9 de vos villes et m\u00e9dias favoris en vous inscrivant \u00e0 <a href=\"https:\/\/moncompte.actu.fr\" title=\"D\u00e9couvez Mon Actu\" rel=\"nofollow noopener\" data-trk=\"{&quot;cta&quot;:{&quot;action&quot;:&quot;https:\\\/\\\/moncompte.actu.fr&quot;,&quot;category&quot;:&quot;mon compte&quot;,&quot;from&quot;:&quot;article footer&quot;,&quot;name&quot;:&quot;Mon actu&quot;,&quot;type&quot;:&quot;cta&quot;}}\" target=\"_blank\">Mon Actu<\/a>.<\/p>\n<ul class=\"ac-article-tag wall-content\">\n<li><a href=\"https:\/\/actu.fr\/tag\/meteo-france\" data-trk=\"{&quot;cta&quot;:{&quot;action&quot;:&quot;M\\u00e9t\\u00e9o France&quot;,&quot;category&quot;:&quot;tag&quot;,&quot;from&quot;:&quot;article footer&quot;,&quot;name&quot;:&quot;M\\u00e9t\\u00e9o France&quot;,&quot;type&quot;:&quot;cta&quot;}}\" rel=\"nofollow noopener\" target=\"_blank\">#M\u00e9t\u00e9o France<\/a><\/li>\n<li><a href=\"https:\/\/actu.fr\/tag\/vague-de-chaleur\" data-trk=\"{&quot;cta&quot;:{&quot;action&quot;:&quot;Vague de chaleur&quot;,&quot;category&quot;:&quot;tag&quot;,&quot;from&quot;:&quot;article footer&quot;,&quot;name&quot;:&quot;Vague de chaleur&quot;,&quot;type&quot;:&quot;cta&quot;}}\" rel=\"nofollow noopener\" target=\"_blank\">#Vague de chaleur<\/a><\/li>\n<\/ul>\n","protected":false},"excerpt":{"rendered":"Par R\u00e9daction Paris Publi\u00e9 le 18 juin 2025 \u00e0 17h00 Les personnes fragiles et celles qui n\u2019appr\u00e9cient pas&hellip;\n","protected":false},"author":2,"featured_media":178874,"comment_status":"","ping_status":"","sticky":false,"template":"","format":"standard","meta":{"footnotes":""},"categories":[1592],"tags":[1111,11,1777,674,1011,27,662,2487,2357,12,626,25,15637],"class_list":{"0":"post-186132","1":"post","2":"type-post","3":"status-publish","4":"format-standard","5":"has-post-thumbnail","7":"category-ile-de-france","8":"tag-actu","9":"tag-actualites","10":"tag-eu","11":"tag-europe","12":"tag-fr","13":"tag-france","14":"tag-ile-de-france","15":"tag-meteo","16":"tag-meteo-france","17":"tag-news","18":"tag-paris","19":"tag-republique-francaise","20":"tag-vague-de-chaleur"},"share_on_mastodon":{"url":"https:\/\/pubeurope.com\/@fr\/114705004283257606","error":""},"_links":{"self":[{"href":"https:\/\/www.europesays.com\/fr\/wp-json\/wp\/v2\/posts\/186132","targetHints":{"allow":["GET"]}}],"collection":[{"href":"https:\/\/www.europesays.com\/fr\/wp-json\/wp\/v2\/posts"}],"about":[{"href":"https:\/\/www.europesays.com\/fr\/wp-json\/wp\/v2\/types\/post"}],"author":[{"embeddable":true,"href":"https:\/\/www.europesays.com\/fr\/wp-json\/wp\/v2\/users\/2"}],"replies":[{"embeddable":true,"href":"https:\/\/www.europesays.com\/fr\/wp-json\/wp\/v2\/comments?post=186132"}],"version-history":[{"count":0,"href":"https:\/\/www.europesays.com\/fr\/wp-json\/wp\/v2\/posts\/186132\/revisions"}],"wp:featuredmedia":[{"embeddable":true,"href":"https:\/\/www.europesays.com\/fr\/wp-json\/wp\/v2\/media\/178874"}],"wp:attachment":[{"href":"https:\/\/www.europesays.com\/fr\/wp-json\/wp\/v2\/media?parent=186132"}],"wp:term":[{"taxonomy":"category","embeddable":true,"href":"https:\/\/www.europesays.com\/fr\/wp-json\/wp\/v2\/categories?post=186132"},{"taxonomy":"post_tag","embeddable":true,"href":"https:\/\/www.europesays.com\/fr\/wp-json\/wp\/v2\/tags?post=186132"}],"curies":[{"name":"wp","href":"https:\/\/api.w.org\/{rel}","templated":true}]}}