{"id":186148,"date":"2025-06-18T15:18:15","date_gmt":"2025-06-18T15:18:15","guid":{"rendered":"https:\/\/www.europesays.com\/fr\/186148\/"},"modified":"2025-06-18T15:18:15","modified_gmt":"2025-06-18T15:18:15","slug":"ces-nouveaux-radars-speciaux-en-allemagne-bientot-en-france","status":"publish","type":"post","link":"https:\/\/www.europesays.com\/fr\/186148\/","title":{"rendered":"Ces nouveaux radars sp\u00e9ciaux en Allemagne, bient\u00f4t en France ?"},"content":{"rendered":"<p>L&rsquo;Allemagne va s&rsquo;\u00e9quiper <strong>de radars d&rsquo;un nouveau genre<\/strong> pour le d\u00e9but des vacances d&rsquo;\u00e9t\u00e9, selon France Bleu. Des \u00e9quipements d&rsquo;un nouveau genre. Mais pas pour v\u00e9rifier ce \u00e0 quoi l&rsquo;on peut s&rsquo;attendre&#8230;<\/p>\n<p>Effectivement, il ne s&rsquo;agira pas de radars de vitesse. Ces engins seront en place <strong>pour mesurer le poids des v\u00e9hicules lorsqu&rsquo;ils sont en train de rouler<\/strong>. Le syst\u00e8me est simple : il se compose d&rsquo;une <strong>dalle de pesage encastr\u00e9e dans la chauss\u00e9e<\/strong>. En roulant dessus, un v\u00e9hicule sera pes\u00e9. Et le radar de d\u00e9tecter le poids.<\/p>\n<p>En cas de d\u00e9passement des limites l\u00e9gales, les radars feront leur office. La plaque de la voiture concern\u00e9e sera affich\u00e9e sur un \u00e9cran. Et les automobilistes devront <strong>s&rsquo;arr\u00eater dans un endroit sp\u00e9cifique pour un second contr\u00f4le<\/strong>. Ce avant de savoir s&rsquo;ils peuvent ou non entamer le pont concern\u00e9 par le radar.<\/p>\n<p>Jusqu&rsquo;\u00e0 450 euros d&rsquo;amende<\/p>\n<p>Et gare aux exc\u00e8s de poids. Car en cas de d\u00e9passement, il sera <strong>impossible de circuler sur certains ponts<\/strong>. Et de lourdes amendes tomberont. Ces derni\u00e8res iront de <strong>30 jusqu&rsquo;\u00e0 450 euros<\/strong>. Le v\u00e9hicule \u00e9tant, de plus, immobilis\u00e9 jusqu&rsquo;\u00e0 \u00eatre suffisamment l\u00e9ger.<\/p>\n<p>Une nouveaut\u00e9 qui serait n\u00e9cessaire pour prot\u00e9ger&#8230; <strong>les ponts vieillissants du r\u00e9seau routier allemand<\/strong>. Une justification \u00e9tonnante. Mais l&rsquo;Allemagne fait face, comme d&rsquo;autres pays europ\u00e9ens, au vieillissement de ses ponts. Et les entretenir co\u00fbte cher.<\/p>\n<p>Si ce syst\u00e8me cible principalement les camions, reste \u00e0 voir s&rsquo;il <strong>s&rsquo;adressera bient\u00f4t plus aux voitures qu&rsquo;aux camions<\/strong>. Mais aussi si ce genre de radars d\u00e9barquera un jour en France. Car les ponts ne manquent pas non plus dans l&rsquo;Hexagone.<\/p>\n<ul>\n<li>Rejoignez Auto-Moto sur\u00a0\u00a0<a href=\"https:\/\/bit.ly\/3RCvDRM\" data-cke-saved-href=\"https:\/\/bit.ly\/3RCvDRM\" data-cke-saved- rel=\"nofollow noopener\" target=\"_blank\">WhatsApp<\/a>\u00a0\u00a0pour ne rien manquer de l&rsquo;actualit\u00e9 auto et\u00a0\u00a0<a href=\"https:\/\/deux-roues.auto-moto.com\/\" data-cke-saved-href=\"https:\/\/deux-roues.auto-moto.com\/\" data-cke-saved- rel=\"nofollow noopener\" target=\"_blank\">2-roues<\/a>\u00a0\u00a0!<\/li>\n<\/ul>\n<p>\u00c0 lire aussi sur\u00a0\u00a0<a href=\"https:\/\/www.auto-moto.com\/\" data-cke-saved-href=\"https:\/\/www.auto-moto.com\/\" data-cke-saved- rel=\"nofollow noopener\" target=\"_blank\">Auto-Moto.com<\/a>\u00a0\u00a0:<\/p>\n<p>   Partagez cette info avec vos amis et vos proches en cliquant ici  <\/p>\n<p> Podcasts \u00e0 la une MEN LIFE <\/p>\n<p>    Pour r\u00e9sumer<\/p>\n<p>Ce sont des radars d&rsquo;un genre nouveau qui vont voir le jour en Allemagne, dans un futur proche. Ce afin de donner des amendes tr\u00e8s particuli\u00e8res aux automobilistes, allant jusqu&rsquo;\u00e0 450 euros. Avant une arriv\u00e9e en France ?<\/p>\n<p>R\u00e9dacteur<\/p>\n<p><img decoding=\"async\" width=\"76\" height=\"76\" loading=\"lazy\" src=\"https:\/\/www.europesays.com\/fr\/wp-content\/uploads\/2025\/04\/logo-sylvain-gauthier.jpg\" alt=\"Sylvain Gauthier\"\/><\/p>\n","protected":false},"excerpt":{"rendered":"L&rsquo;Allemagne va s&rsquo;\u00e9quiper de radars d&rsquo;un nouveau genre pour le d\u00e9but des vacances d&rsquo;\u00e9t\u00e9, selon France Bleu. Des&hellip;\n","protected":false},"author":2,"featured_media":186149,"comment_status":"","ping_status":"","sticky":false,"template":"","format":"standard","meta":{"footnotes":""},"categories":[1587],"tags":[11,672,1804,1805,1803,1777,674,1801,12,1802],"class_list":{"0":"post-186148","1":"post","2":"type-post","3":"status-publish","4":"format-standard","5":"has-post-thumbnail","7":"category-allemagne","8":"tag-actualites","9":"tag-allemagne","10":"tag-bundesrepublik-deutschland","11":"tag-de","12":"tag-deutschland","13":"tag-eu","14":"tag-europe","15":"tag-germany","16":"tag-news","17":"tag-republique-federale-dallemagne"},"share_on_mastodon":{"url":"https:\/\/pubeurope.com\/@fr\/114705039656656880","error":""},"_links":{"self":[{"href":"https:\/\/www.europesays.com\/fr\/wp-json\/wp\/v2\/posts\/186148","targetHints":{"allow":["GET"]}}],"collection":[{"href":"https:\/\/www.europesays.com\/fr\/wp-json\/wp\/v2\/posts"}],"about":[{"href":"https:\/\/www.europesays.com\/fr\/wp-json\/wp\/v2\/types\/post"}],"author":[{"embeddable":true,"href":"https:\/\/www.europesays.com\/fr\/wp-json\/wp\/v2\/users\/2"}],"replies":[{"embeddable":true,"href":"https:\/\/www.europesays.com\/fr\/wp-json\/wp\/v2\/comments?post=186148"}],"version-history":[{"count":0,"href":"https:\/\/www.europesays.com\/fr\/wp-json\/wp\/v2\/posts\/186148\/revisions"}],"wp:featuredmedia":[{"embeddable":true,"href":"https:\/\/www.europesays.com\/fr\/wp-json\/wp\/v2\/media\/186149"}],"wp:attachment":[{"href":"https:\/\/www.europesays.com\/fr\/wp-json\/wp\/v2\/media?parent=186148"}],"wp:term":[{"taxonomy":"category","embeddable":true,"href":"https:\/\/www.europesays.com\/fr\/wp-json\/wp\/v2\/categories?post=186148"},{"taxonomy":"post_tag","embeddable":true,"href":"https:\/\/www.europesays.com\/fr\/wp-json\/wp\/v2\/tags?post=186148"}],"curies":[{"name":"wp","href":"https:\/\/api.w.org\/{rel}","templated":true}]}}