{"id":186154,"date":"2025-06-18T15:21:09","date_gmt":"2025-06-18T15:21:09","guid":{"rendered":"https:\/\/www.europesays.com\/fr\/186154\/"},"modified":"2025-06-18T15:21:09","modified_gmt":"2025-06-18T15:21:09","slug":"en-direct-guerre-en-iran-israel-affirme-avoir-detruit-le-qg-de-la-securite-interieure-liberation","status":"publish","type":"post","link":"https:\/\/www.europesays.com\/fr\/186154\/","title":{"rendered":"EN DIRECT &#8211; Guerre en Iran\u00a0: Isra\u00ebl affirme avoir d\u00e9truit le QG de la s\u00e9curit\u00e9 int\u00e9rieure \u2013 Lib\u00e9ration"},"content":{"rendered":"<p class=\"sc-ksZaOG ehjQrN text-element\"><b>L\u2019Iran a le \u00abdroit l\u00e9gitime\u00bb, affirme Erdogan.<\/b> Le pr\u00e9sident turc, Recep Tayyip Erdogan, a d\u00e9clar\u00e9 mercredi que l\u2019Iran avait le droit \u00abl\u00e9gitime\u00bb de se d\u00e9fendre face \u00e0 la campagne de bombardements en cours d\u2019Isra\u00ebl, apr\u00e8s une sixi\u00e8me nuit de confrontation entre les deux pays. \u00abC\u2019est un droit tr\u00e8s naturel, l\u00e9gitime et l\u00e9gal pour l\u2019Iran de se d\u00e9fendre contre la brutalit\u00e9 et le terrorisme d\u2019Etat d\u2019Isra\u00ebl\u00bb, a d\u00e9clar\u00e9 le dirigeant turc, un jour apr\u00e8s avoir qualifi\u00e9 le Premier ministre isra\u00e9lien, Benjamin N\u00e9tanyahou, de \u00abplus grande menace pour la s\u00e9curit\u00e9 de la r\u00e9gion\u00bb.<\/p>\n","protected":false},"excerpt":{"rendered":"L\u2019Iran a le \u00abdroit l\u00e9gitime\u00bb, affirme Erdogan. Le pr\u00e9sident turc, Recep Tayyip Erdogan, a d\u00e9clar\u00e9 mercredi que l\u2019Iran&hellip;\n","protected":false},"author":2,"featured_media":186155,"comment_status":"","ping_status":"","sticky":false,"template":"","format":"standard","meta":{"footnotes":""},"categories":[2],"tags":[11,1011,27,3019,31951,664,12,25],"class_list":{"0":"post-186154","1":"post","2":"type-post","3":"status-publish","4":"format-standard","5":"has-post-thumbnail","7":"category-actualites","8":"tag-actualites","9":"tag-fr","10":"tag-france","11":"tag-iran","12":"tag-iran-israel-guerre","13":"tag-israel","14":"tag-news","15":"tag-republique-francaise"},"share_on_mastodon":{"url":"https:\/\/pubeurope.com\/@fr\/114705051359068069","error":""},"_links":{"self":[{"href":"https:\/\/www.europesays.com\/fr\/wp-json\/wp\/v2\/posts\/186154","targetHints":{"allow":["GET"]}}],"collection":[{"href":"https:\/\/www.europesays.com\/fr\/wp-json\/wp\/v2\/posts"}],"about":[{"href":"https:\/\/www.europesays.com\/fr\/wp-json\/wp\/v2\/types\/post"}],"author":[{"embeddable":true,"href":"https:\/\/www.europesays.com\/fr\/wp-json\/wp\/v2\/users\/2"}],"replies":[{"embeddable":true,"href":"https:\/\/www.europesays.com\/fr\/wp-json\/wp\/v2\/comments?post=186154"}],"version-history":[{"count":0,"href":"https:\/\/www.europesays.com\/fr\/wp-json\/wp\/v2\/posts\/186154\/revisions"}],"wp:featuredmedia":[{"embeddable":true,"href":"https:\/\/www.europesays.com\/fr\/wp-json\/wp\/v2\/media\/186155"}],"wp:attachment":[{"href":"https:\/\/www.europesays.com\/fr\/wp-json\/wp\/v2\/media?parent=186154"}],"wp:term":[{"taxonomy":"category","embeddable":true,"href":"https:\/\/www.europesays.com\/fr\/wp-json\/wp\/v2\/categories?post=186154"},{"taxonomy":"post_tag","embeddable":true,"href":"https:\/\/www.europesays.com\/fr\/wp-json\/wp\/v2\/tags?post=186154"}],"curies":[{"name":"wp","href":"https:\/\/api.w.org\/{rel}","templated":true}]}}