{"id":186167,"date":"2025-06-18T15:29:11","date_gmt":"2025-06-18T15:29:11","guid":{"rendered":"https:\/\/www.europesays.com\/fr\/186167\/"},"modified":"2025-06-18T15:29:11","modified_gmt":"2025-06-18T15:29:11","slug":"pas-de-deadline-pour-gunther-steiner-dans-ses-discussions-avec-tech3","status":"publish","type":"post","link":"https:\/\/www.europesays.com\/fr\/186167\/","title":{"rendered":"\u00ab\u00a0Pas de deadline\u00a0\u00bb pour G\u00fcnther Steiner dans ses discussions avec Tech3"},"content":{"rendered":"<p>D\u00e9but juin, Herv\u00e9 Poncharal a confirm\u00e9 les bruits de couloir faisant \u00e9tat de conversations engag\u00e9es avec G\u00fcnther Steiner, ancien directeur de <a href=\"https:\/\/fr.motorsport.com\/team\/haas\/1949\/\" target=\"_self\" rel=\"noopener nofollow\">Haas en F1<\/a>. \u00ab\u00a0Oui, nous discutons avec Steiner, qui est tr\u00e8s sympa. Quelqu&rsquo;un de tr\u00e8s direct et j&rsquo;aime aussi beaucoup \u00e7a. Il a beaucoup d&rsquo;exp\u00e9rience dans les sports m\u00e9caniques\u00a0\u00bb, <a href=\"https:\/\/fr.motorsport.com\/motogp\/news\/tech3-vendre-poncharal-discussion-steiner\/10729820\/\" target=\"_self\" rel=\"noopener nofollow\">avait r\u00e9v\u00e9l\u00e9 le patron de Tech3<\/a>, assumant explorer diverses voies pour assurer l&rsquo;avenir de son \u00e9quipe en MotoGP.<\/p>\n<p>Cr\u00e9\u00e9e en 1989, la formation bas\u00e9e \u00e0 Bormes-les-Mimosas jouit d&rsquo;une excellente renomm\u00e9e dans les Grands Prix moto, de par ses r\u00e9sultats (un titre en 250cc, des victoires en MotoGP) et aussi gr\u00e2ce \u00e0 l&rsquo;aura de son propri\u00e9taire, longtemps pr\u00e9sident de l&rsquo;IRTA, l&rsquo;association des \u00e9quipes. Pour autant, \u00e0 68 ans et alors qu&rsquo;il est aujourd&rsquo;hui partenaire de KTM, dont la situation financi\u00e8re est pour le moins instable, Herv\u00e9 Poncharal ne veut rien laisser au hasard.<\/p>\n<p>Interrog\u00e9 par le site officiel du MotoGP en marge du GP d&rsquo;Arag\u00f3n, le Fran\u00e7ais avait expliqu\u00e9\u00a0:\u00a0\u00ab\u00a0Un tout nouveau chapitre va s&rsquo;ouvrir \u00e0 partir de 2027, avec un nouveau r\u00e8glement technique. Pour une entreprise comme la mienne, \u00e0 savoir une \u00e9quipe MotoGP, il est tr\u00e8s important d&rsquo;assurer l&rsquo;avenir. Comme le disait Winston Churchill, gouverner c&rsquo;est pr\u00e9voir.\u00a0\u00bb<\/p>\n<p>\u00ab\u00a0J&rsquo;ai actuellement un tr\u00e8s bon deal, mais si jamais cette organisation ne pouvait pas rester la m\u00eame pour la p\u00e9riode 2027-2031, je dois pr\u00e9parer ce que l&rsquo;on appelle un plan B\u00a0\u00bb, avait ajout\u00e9 Herv\u00e9 Poncharal, soulignant sa volont\u00e9 de sauvegarder ce qui a \u00e9t\u00e9 b\u00e2ti depuis plus de 35 ans. \u00ab\u00a0Je pousse pour m&rsquo;assurer que nous soyons toujours bel et bien l\u00e0 en 2027-2031, avec le nom de Tech3, j&rsquo;esp\u00e8re, avec ma base, mon \u00e9quipe et diff\u00e9rents investisseurs, simplement pour que les choses soient s\u00e9curis\u00e9es.\u00a0\u00bb<\/p>\n<p>Steiner pr\u00eat \u00e0 \u00e9tudier une \u00e9ventuelle opportunit\u00e9<\/p>\n<p>Dans ces discussions avec de potentiels investisseurs, G\u00fcnther Steiner tient donc un r\u00f4le central. R\u00e9pondant aux questions de Canal+ sur le sujet, l&rsquo;Italien a effectivement confirm\u00e9 son int\u00e9r\u00eat pour le MotoGP, apr\u00e8s une visite remarqu\u00e9e \u00e0 Silverstone, ainsi que des \u00e9changes en cours afin de cerner la situation de Tech3.<\/p>\n<p>\u00ab\u00a0J&rsquo;\u00e9tudie \u00e7a\u00a0\u00bb, a admis l&rsquo;ancien team principal de Haas F1, qui a tenu de nombreux autres postes de management en sport auto. \u00ab\u00a0J&rsquo;ai parl\u00e9 \u00e0 quelques personnes. C&rsquo;est un sport tr\u00e8s cool, tr\u00e8s int\u00e9ressant, \u00e7a m&rsquo;a toujours plu. J&rsquo;ai parl\u00e9 \u00e0 [des gens] et j&rsquo;ai rencontr\u00e9 Herv\u00e9 Poncharal, un mec tr\u00e8s sympa, que je ne connaissais pas auparavant. Il a beaucoup d&rsquo;exp\u00e9rience en MotoGP, il est l\u00e0 depuis toujours\u00a0\u2013\u00a0peut-\u00eatre m\u00eame avant la cr\u00e9ation du MotoGP\u00a0!\u00a0[rires]\u00a0\u00bb<\/p>\n<p>   <img decoding=\"async\" draggable=\"false\" src=\"https:\/\/www.europesays.com\/fr\/wp-content\/uploads\/2025\/06\/1750260551_803_maverick-vinales-red-bull-ktm-.jpg\" alt=\"Longtemps associ\u00e9e \u00e0 Yamaha, l'\u00e9quipe Tech3 aligne des KTM en MotoGP depuis 2019.\" width=\"1200\" height=\"800\" loading=\"lazy\"\/> <\/p>\n<p class=\"title\">Longtemps associ\u00e9e \u00e0 Yamaha, l&rsquo;\u00e9quipe Tech3 aligne des KTM en MotoGP depuis 2019.<\/p>\n<p class=\"photographer\">Photo de: Gold and Goose Photography \/ LAT Images \/ via Getty Images<\/p>\n<p>\u00ab\u00a0Nous avons eu une bonne conversation sur le sujet, il m&rsquo;a bien expliqu\u00e9 ce qui se passe, nous avons donc \u00e9tabli une bonne relation. Mais je ne sais pas s&rsquo;il va y avoir une opportunit\u00e9. Si c&rsquo;est le cas, je l&rsquo;\u00e9tudierai mais rien n&rsquo;est encore fait\u00a0\u00bb, a ajout\u00e9 G\u00fcnther Steiner.<\/p>\n<p>L&rsquo;ancien patron de Haas en F1 dit ne pas se projeter sur la gestion active de l&rsquo;\u00e9quipe. \u00ab\u00a0Je ne sais pas encore quel serait mon r\u00f4le, mais ce serait de l&rsquo;ordre de l&rsquo;investissement ou quelque chose comme \u00e7a\u00a0\u00bb, a-t-il point\u00e9.<\/p>\n<p>Et il assure par ailleurs que rien ne presse mais que les choses vont avoir le temps de se clarifier dans les mois \u00e0 venir\u00a0:\u00a0\u00ab\u00a0Je ne suis pas press\u00e9, il n&rsquo;y a pas de deadline. Si \u00e7a se fait, tr\u00e8s bien, et si \u00e7a ne se fait pas, c&rsquo;est bien aussi. Je suis tr\u00e8s heureux o\u00f9 je suis, n\u00e9anmoins j&rsquo;y travaille. J&rsquo;esp\u00e8re en savoir plus d&rsquo;ici la fin de l&rsquo;ann\u00e9e, au moins savoir si \u00e7a se fait ou pas.\u00a0\u00bb<\/p>\n<p>Lire aussi :<\/p>\n<p>Dans cet article<\/p>\n<p>    L\u00e9na Buffa\n<\/p>\n<p>    MotoGP\n<\/p>\n<p>    Tech 3\n<\/p>\n<p>Soyez le premier inform\u00e9 et souscrivez aux alertes mails pour recevoir les infos en temps r\u00e9el<\/p>\n<p>    S&rsquo;abonner aux alertes de news<\/p>\n","protected":false},"excerpt":{"rendered":"D\u00e9but juin, Herv\u00e9 Poncharal a confirm\u00e9 les bruits de couloir faisant \u00e9tat de conversations engag\u00e9es avec G\u00fcnther Steiner,&hellip;\n","protected":false},"author":2,"featured_media":186168,"comment_status":"","ping_status":"","sticky":false,"template":"","format":"standard","meta":{"footnotes":""},"categories":[1413],"tags":[1011,27,1457,1456,1458,60,3374],"class_list":{"0":"post-186167","1":"post","2":"type-post","3":"status-publish","4":"format-standard","5":"has-post-thumbnail","7":"category-moto","8":"tag-fr","9":"tag-france","10":"tag-moto","11":"tag-motocycle","12":"tag-motogp","13":"tag-sports","14":"tag-tech-3"},"share_on_mastodon":{"url":"https:\/\/pubeurope.com\/@fr\/114705082983368016","error":""},"_links":{"self":[{"href":"https:\/\/www.europesays.com\/fr\/wp-json\/wp\/v2\/posts\/186167","targetHints":{"allow":["GET"]}}],"collection":[{"href":"https:\/\/www.europesays.com\/fr\/wp-json\/wp\/v2\/posts"}],"about":[{"href":"https:\/\/www.europesays.com\/fr\/wp-json\/wp\/v2\/types\/post"}],"author":[{"embeddable":true,"href":"https:\/\/www.europesays.com\/fr\/wp-json\/wp\/v2\/users\/2"}],"replies":[{"embeddable":true,"href":"https:\/\/www.europesays.com\/fr\/wp-json\/wp\/v2\/comments?post=186167"}],"version-history":[{"count":0,"href":"https:\/\/www.europesays.com\/fr\/wp-json\/wp\/v2\/posts\/186167\/revisions"}],"wp:featuredmedia":[{"embeddable":true,"href":"https:\/\/www.europesays.com\/fr\/wp-json\/wp\/v2\/media\/186168"}],"wp:attachment":[{"href":"https:\/\/www.europesays.com\/fr\/wp-json\/wp\/v2\/media?parent=186167"}],"wp:term":[{"taxonomy":"category","embeddable":true,"href":"https:\/\/www.europesays.com\/fr\/wp-json\/wp\/v2\/categories?post=186167"},{"taxonomy":"post_tag","embeddable":true,"href":"https:\/\/www.europesays.com\/fr\/wp-json\/wp\/v2\/tags?post=186167"}],"curies":[{"name":"wp","href":"https:\/\/api.w.org\/{rel}","templated":true}]}}