{"id":186171,"date":"2025-06-18T15:31:09","date_gmt":"2025-06-18T15:31:09","guid":{"rendered":"https:\/\/www.europesays.com\/fr\/186171\/"},"modified":"2025-06-18T15:31:09","modified_gmt":"2025-06-18T15:31:09","slug":"cyclisme-la-route-doccitanie-raul-garcia-pierna-remporte-le-chrono-de-la-1ere-etape","status":"publish","type":"post","link":"https:\/\/www.europesays.com\/fr\/186171\/","title":{"rendered":"Cyclisme. La Route d&rsquo;Occitanie &#8211; Raul Garcia Pierna remporte le chrono de la 1\u00e8re \u00e9tape"},"content":{"rendered":"<p>La 48e \u00e9dition de <a href=\"https:\/\/www.cyclismactu.net\/..\/news-la-route-d-occitanie-route-parcours-et-favoris-route-d-occitanie-de-retour-88392.html\" target=\"_blank\" rel=\"noopener\"><strong>La Route d&rsquo;Occitanie &#8211; CIC<\/strong><\/a> s&rsquo;est \u00e9lanc\u00e9e ce mercredi \u00e0 l&rsquo;occasion d&rsquo;un contre-la-montre individuel de 10,5 kilom\u00e8tres entre Saint-Affrique et Roquefort-sur-Soulzon. Et sur ce chrono accident\u00e9, comprenant notamment la C\u00f4te de Tiergues (5km \u00e0 4,7%), c&rsquo;est <strong>Raul Garcia Pierna<\/strong> qui s&rsquo;est impos\u00e9. L&rsquo;Espagnol de la formation\u00a0<strong>Ark\u00e9a-B&amp;B Hotels<\/strong> a \u00e9t\u00e9 chercher le meilleur temps, en 15&rsquo;28\u00a0\u00bb. Il a devanc\u00e9 son compatriote et co\u00e9quipier <strong>Cristian Rodriguez<\/strong>\u00a0(Ark\u00e9a-B&amp;B Hotels) de 4 secondes et <strong>Sander De Pestel<\/strong> (Decathlon AG2R) de 8 secondes. <strong>Garcia Pierna<\/strong> en profite pour s&#8217;emparer du maillot jaune de leader du classement g\u00e9n\u00e9ral.<\/p>\n<p>Vid\u00e9o &#8211; Cristian Rodriguez, r\u00e9cent vainqueur de la Mercan&rsquo;Tour Lire la suite de l&rsquo;article&#13;<\/p>\n<p>\u00a0<\/p>\n<p>&#13;<br \/>\nLe r\u00e9sum\u00e9 de la course&#13;<\/p>\n<p>Ce chrono court de 10,5 kilom\u00e8tres, mais avec un parcours tr\u00e8s exigeant, \u00e9tait promis \u00e0 de solides rouleurs-grimpeurs, parmi lesquels les Fran\u00e7ais <strong>Thibaud Gruel<\/strong> (Groupama-FDJ) et <strong>Dorian Godon <\/strong>(Decathlon AG2R La Mondiale Team) faisaient figure de favoris aujourd&rsquo;hui. Si l&rsquo;Allemand <strong>Anton Schiffer<\/strong>\u00a0(BIKE AID) a longtemps \u00e9t\u00e9 en t\u00eate de ce contre-la-montre, il a c\u00e9d\u00e9 face \u00e0 la performance de <strong>Dorian Godon<\/strong>, qui a pris la t\u00eate de la course alors qu&rsquo;il ne restait qu&rsquo;une grosse trentaine de coureurs \u00e0 prendre le d\u00e9part.<\/p>\n<p>&#13;<\/p>\n<p>N\u00e9anmoins, le Fran\u00e7ais n&rsquo;a pas eu beaucoup le temps d&rsquo;y croire, \u00e9tant rapidement d\u00e9pass\u00e9 par l&rsquo;Espagnol <strong>Cristian Rodriguez<\/strong>, le Belge <strong>Sander De Pestel<\/strong> et enfin par le vainqueur final, <strong>Raul Garcia Pierna<\/strong>. Derri\u00e8re Dorian Godon, <strong>Nicolas Prodhomme<\/strong>\u00a0(Decathlon AG2R La Mondiale Team) a r\u00e9alis\u00e9 une performance honorable, achevant le chrono \u00e0 la 11e position, \u00e0 37 secondes du vainqueur du jour. Le seul vainqueur d&rsquo;\u00e9tape fran\u00e7ais du dernier <strong>Tour d&rsquo;Italie <\/strong>entame ainsi cette <strong>Route d&rsquo;Occitanie<\/strong> en bonne position.\u00a0\u00c0 noter enfin la performance d\u00e9cevante de <strong>Thibaud Gruel<\/strong>, 17e, qui a termin\u00e9 \u00e0 49 secondes de Raul Garcia Pierna.<\/p>\n<p>La Route d&rsquo;Occitanie &#8211; CIC &#8211; Classement de la 1\u00e8 \u00e9tape <\/p>\n","protected":false},"excerpt":{"rendered":"La 48e \u00e9dition de La Route d&rsquo;Occitanie &#8211; CIC s&rsquo;est \u00e9lanc\u00e9e ce mercredi \u00e0 l&rsquo;occasion d&rsquo;un contre-la-montre individuel&hellip;\n","protected":false},"author":2,"featured_media":186172,"comment_status":"","ping_status":"","sticky":false,"template":"","format":"standard","meta":{"footnotes":""},"categories":[1411],"tags":[1154,207,1011,27,32184,209,60,208],"class_list":{"0":"post-186171","1":"post","2":"type-post","3":"status-publish","4":"format-standard","5":"has-post-thumbnail","7":"category-cyclisme","8":"tag-cycling","9":"tag-cyclisme","10":"tag-fr","11":"tag-france","12":"tag-la-route-d","13":"tag-route","14":"tag-sports","15":"tag-velo"},"share_on_mastodon":{"url":"https:\/\/pubeurope.com\/@fr\/114705090841444989","error":""},"_links":{"self":[{"href":"https:\/\/www.europesays.com\/fr\/wp-json\/wp\/v2\/posts\/186171","targetHints":{"allow":["GET"]}}],"collection":[{"href":"https:\/\/www.europesays.com\/fr\/wp-json\/wp\/v2\/posts"}],"about":[{"href":"https:\/\/www.europesays.com\/fr\/wp-json\/wp\/v2\/types\/post"}],"author":[{"embeddable":true,"href":"https:\/\/www.europesays.com\/fr\/wp-json\/wp\/v2\/users\/2"}],"replies":[{"embeddable":true,"href":"https:\/\/www.europesays.com\/fr\/wp-json\/wp\/v2\/comments?post=186171"}],"version-history":[{"count":0,"href":"https:\/\/www.europesays.com\/fr\/wp-json\/wp\/v2\/posts\/186171\/revisions"}],"wp:featuredmedia":[{"embeddable":true,"href":"https:\/\/www.europesays.com\/fr\/wp-json\/wp\/v2\/media\/186172"}],"wp:attachment":[{"href":"https:\/\/www.europesays.com\/fr\/wp-json\/wp\/v2\/media?parent=186171"}],"wp:term":[{"taxonomy":"category","embeddable":true,"href":"https:\/\/www.europesays.com\/fr\/wp-json\/wp\/v2\/categories?post=186171"},{"taxonomy":"post_tag","embeddable":true,"href":"https:\/\/www.europesays.com\/fr\/wp-json\/wp\/v2\/tags?post=186171"}],"curies":[{"name":"wp","href":"https:\/\/api.w.org\/{rel}","templated":true}]}}