{"id":186175,"date":"2025-06-18T15:33:09","date_gmt":"2025-06-18T15:33:09","guid":{"rendered":"https:\/\/www.europesays.com\/fr\/186175\/"},"modified":"2025-06-18T15:33:09","modified_gmt":"2025-06-18T15:33:09","slug":"pourquoi-caroline-roux-a-dit-non-au-20-heures-de-france-2","status":"publish","type":"post","link":"https:\/\/www.europesays.com\/fr\/186175\/","title":{"rendered":"pourquoi Caroline Roux a dit non au 20 Heures de France 2"},"content":{"rendered":"<p>La pr\u00e9sentatrice de \u00abC dans l\u2019air\u00bb a d\u00e9clin\u00e9 la proposition de la direction de France T\u00e9l\u00e9visions de prendre la suite d\u2019Anne-Sophie Lapix.<\/p>\n<p class=\"fig-paragraph\">Un mercato maudit? Alors qu\u2019<a href=\"http:\/\/www.lefigaro.fr\/medias\/evincee-du-20-heures-de-france-2-anne-sophie-lapix-rebondit-chez-le-groupe-m6-20250616\" data-fig-type=\"NewsFlash\" data-gtm-custom-categorie=\"navigation\" data-gtm-custom-action=\"crossclick\" data-gtm-custom-label=\"Contextuel\" data-gtm-event=\"customEventSPE\" data-fig-domain=\"LEFIGARO\" rel=\"nofollow noopener\" target=\"_blank\">Anne-Sophie Lapix<\/a>, \u00e0 la t\u00eate du JT de 20 heures de France 2 depuis 8 ans, pr\u00e9sentera sa derni\u00e8re \u00e9dition sur la cha\u00eene publique le 26 juin, sa ou son rempla\u00e7ant n\u2019a toujours pas \u00e9t\u00e9 trouv\u00e9.<\/p>\n<p class=\"fig-paragraph\">Si plusieurs noms ont circul\u00e9 ces derni\u00e8res semaines, notamment celui de\u00a0<a href=\"http:\/\/www.lefigaro.fr\/actualite-france\/lea-salame-recuse-toute-banalisation-de-la-shoah-apres-les-propos-d-ardisson-sur-gaza-et-auschwitz-20250525\" data-fig-type=\"NewsFlash\" data-gtm-custom-categorie=\"navigation\" data-gtm-custom-action=\"crossclick\" data-gtm-custom-label=\"Contextuel\" data-gtm-event=\"customEventSPE\" data-fig-domain=\"LEFIGARO\" rel=\"nofollow noopener\" target=\"_blank\">L\u00e9a Salam\u00e9<\/a>\u00a0-\u00e0 tort ou \u00e0 raison-, c\u2019est pourtant Caroline Roux qui faisait figure de grande favorite. Plus maintenant. Selon nos informations, la journaliste a fait savoir mardi \u00e0 la direction de France T\u00e9l\u00e9visions qu\u2019elle ne s\u2019installerait pas finalement dans ce fauteuil. Contact\u00e9e, l\u2019int\u00e9ress\u00e9e confirme. \u00abOn m\u2019a propos\u00e9 cet exercice, j\u2019\u00e9tais tr\u00e8s honor\u00e9e de la proposition. Dans notre m\u00e9tier, le JT de 20 heures est consid\u00e9r\u00e9 comme un Graal, explique Caroline Roux. J\u2019y ai beaucoup r\u00e9fl\u00e9chi et en r\u00e9alit\u00e9, je suis tr\u00e8s attach\u00e9e \u00e0 mon \u00e9mission C dans l\u2019air sur France 5 et \u00e0 mes \u00e9quipes. J\u2019y suis profond\u00e9ment heureuse. Dans le contexte g\u00e9opolitique actuel, cette \u00e9mission est d\u2019utilit\u00e9 publique. C\u2019est un exercice\u2026<\/p>\n<p class=\"fig-premium-paywall__infos\">\n        Cet article est r\u00e9serv\u00e9 aux abonn\u00e9s.        Il vous reste 64% \u00e0 d\u00e9couvrir.\n    <\/p>\n<p>                <img  data- alt=\"Le Figaro\" class=\"fig-img--complete fig-img\"\/><\/p>\n<p class=\"fig-premium-paywall__title\">Vente Flash<\/p>\n<p class=\"fig-premium-paywall__subtitle\">3,99\u20ac par mois pendant 12 mois. Sans engagement.<\/p>\n<p class=\"fig-premium-paywall__connect\">\n                D\u00e9j\u00e0 abonn\u00e9\u00a0?                <a class=\"fig-premium-paywall__connect-link\" href=\"https:\/\/connect.lefigaro.fr\/login?client=horizon_web&amp;type=main&amp;redirect_uri=https%3A%2F%2Fwww.lefigaro.fr%2Fmedias%2Fcaroline-roux-dit-non-au-20-heures-de-france-2-20250618\" data-js-gtm=\"{&quot;customCategorie&quot;: &quot;conversion&quot;, &quot;customAction&quot;: &quot;before_Landing_Connexion_paywall_auto&quot;, &quot;customLabel&quot;: &quot;bGVmaWdhcm8uZnJfXzFmMDRjNGEwLTVlMDktNjY3OC04NmYzLTFiZmQ4OTE1MThlYV9fTmV3c0ZsYXNo_\u00abIl para\u00eet que \u00e7a ne se refuse pas. Et bien, si\u00bb\u00a0: pourquoi Caroline Roux a dit non au 20 Heures de France 2_783&quot;, &quot;customIDSPE&quot;: &quot;bGVmaWdhcm8uZnJfXzFmMDRjNGEwLTVlMDktNjY3OC04NmYzLTFiZmQ4OTE1MThlYV9fTmV3c0ZsYXNo&quot;, &quot;event&quot;: &quot;customEventSPE&quot;}\" rel=\"nofollow noopener\" target=\"_blank\"><br \/>\n                    Connectez-vous<br \/>\n                <\/a>\n            <\/p>\n","protected":false},"excerpt":{"rendered":"La pr\u00e9sentatrice de \u00abC dans l\u2019air\u00bb a d\u00e9clin\u00e9 la proposition de la direction de France T\u00e9l\u00e9visions de prendre&hellip;\n","protected":false},"author":2,"featured_media":186176,"comment_status":"","ping_status":"","sticky":false,"template":"","format":"standard","meta":{"footnotes":""},"categories":[1359],"tags":[5717,58,59,1011,27,23339,5724,5720,5725,5719,5723,5722,5721,5718,973,5715,5714,1834,5726,252,1364,5716],"class_list":{"0":"post-186175","1":"post","2":"type-post","3":"status-publish","4":"format-standard","5":"has-post-thumbnail","7":"category-people","8":"tag-bibendum","9":"tag-divertissement","10":"tag-entertainment","11":"tag-fr","12":"tag-france","13":"tag-france-television","14":"tag-geant-vert","15":"tag-herisson-ernie-spontex","16":"tag-la-laitiere","17":"tag-lapin-duracell","18":"tag-mms","19":"tag-mamie-nova","20":"tag-mr-marie","21":"tag-mr-propre","22":"tag-people","23":"tag-personnage-publicitaire","24":"tag-pub","25":"tag-publicite","26":"tag-tele","27":"tag-television","28":"tag-tv","29":"tag-vache-qui-rit"},"share_on_mastodon":{"url":"https:\/\/pubeurope.com\/@fr\/114705098555933597","error":""},"_links":{"self":[{"href":"https:\/\/www.europesays.com\/fr\/wp-json\/wp\/v2\/posts\/186175","targetHints":{"allow":["GET"]}}],"collection":[{"href":"https:\/\/www.europesays.com\/fr\/wp-json\/wp\/v2\/posts"}],"about":[{"href":"https:\/\/www.europesays.com\/fr\/wp-json\/wp\/v2\/types\/post"}],"author":[{"embeddable":true,"href":"https:\/\/www.europesays.com\/fr\/wp-json\/wp\/v2\/users\/2"}],"replies":[{"embeddable":true,"href":"https:\/\/www.europesays.com\/fr\/wp-json\/wp\/v2\/comments?post=186175"}],"version-history":[{"count":0,"href":"https:\/\/www.europesays.com\/fr\/wp-json\/wp\/v2\/posts\/186175\/revisions"}],"wp:featuredmedia":[{"embeddable":true,"href":"https:\/\/www.europesays.com\/fr\/wp-json\/wp\/v2\/media\/186176"}],"wp:attachment":[{"href":"https:\/\/www.europesays.com\/fr\/wp-json\/wp\/v2\/media?parent=186175"}],"wp:term":[{"taxonomy":"category","embeddable":true,"href":"https:\/\/www.europesays.com\/fr\/wp-json\/wp\/v2\/categories?post=186175"},{"taxonomy":"post_tag","embeddable":true,"href":"https:\/\/www.europesays.com\/fr\/wp-json\/wp\/v2\/tags?post=186175"}],"curies":[{"name":"wp","href":"https:\/\/api.w.org\/{rel}","templated":true}]}}