{"id":186177,"date":"2025-06-18T15:35:09","date_gmt":"2025-06-18T15:35:09","guid":{"rendered":"https:\/\/www.europesays.com\/fr\/186177\/"},"modified":"2025-06-18T15:35:09","modified_gmt":"2025-06-18T15:35:09","slug":"partir-en-livres-les-jeunes-ne-lisent-plus-mais-est-ce-une-fatalite","status":"publish","type":"post","link":"https:\/\/www.europesays.com\/fr\/186177\/","title":{"rendered":"Partir en livres : les jeunes ne lisent plus&#8230;.mais est-ce une fatalit\u00e9 ?"},"content":{"rendered":"<p>\n                                                La onzi\u00e8me \u00e9dition de l&rsquo;op\u00e9ration Partir en livre dont le th\u00e8me retenu cette ann\u00e9e est \u00ab\u00a0les animaux et nous\u00a0\u00bb aura lieu du\u00a018 juin au 20 juillet 2025.\u00a0                    <\/p>\n<p>Comment donner le go\u00fbt des mots et de la lecture quand on sait que les Fran\u00e7ais lisent de moins en moins et que la part de lecture quotidienne n&rsquo;a jamais \u00e9t\u00e9 basse depuis dix selon le dernier <a href=\"https:\/\/centrenationaldulivre.fr\/donnees-cles\/les-francais-et-la-lecture-en-2025\" target=\"_blank\" rel=\"noopener\"><strong>barom\u00e8tre <\/strong><\/a>du Centre National du Livre ?\u00a0<\/p>\n<p>C&rsquo;est le sens de l&rsquo;op\u00e9ration Partir en livre initi\u00e9 par le CNL pour inciter les jeunes \u00e0 lire pendant les vacances et pour transmettre le go\u00fbt de la lecture. Des centaines d&rsquo;\u00e9v\u00e8nements tels que chasse aux tr\u00e9sors, lectures musicales, ateliers\u2026 \u00e0 l&rsquo;initiative des biblioth\u00e8ques, m\u00e9diath\u00e8ques pour rendre la lecture, ludique.\u00a0<\/p>\n<p><strong>Invit\u00e9s<\/strong><strong>\u00a0:\u00a0<\/strong><\/p>\n<p><strong><a href=\"https:\/\/lordesperanza.com\/\" target=\"_blank\" rel=\"noopener\">Lord Esperanza<\/a>, <\/strong>\u00e9crivain, auteur, rappeur de son vrai nom Th\u00e9odore Desprez est n\u00e9 \u00e0 Paris en 1996. Il se fait parfois appeler L\u2019Enfant du Si\u00e8cle. Son premier nom de sc\u00e8ne, Speranza, vient du roman Vendredi ou les Limbes du Pacifique de Michel Tournier (1924-2016).<\/p>\n<p>Son dernier album \u00ab\u00a0Derri\u00e8re les montagnes\u00a0\u00bb est sorti an avril dernier.\u00a0<\/p>\n<p>Il est le parrain de la 11e \u00e9dition de <strong><a href=\"https:\/\/www.partir-en-livre.fr\/\" target=\"_blank\" rel=\"noopener\">Partir en Livre<\/a><\/strong><a href=\"https:\/\/www.partir-en-livre.fr\/\" target=\"_blank\" rel=\"noopener\"><strong>.\u00a0<\/strong><\/a><\/p>\n<blockquote class=\"quote\">\n<p>Il est important de mettre la lecture au centre du d\u00e9bat public parce que cela fait travailler la machine \u00e0 r\u00eaves. C&rsquo;est fondamental dans notre soci\u00e9t\u00e9 gangr\u00e9n\u00e9e par la violence. La lecture apporte de l&#8217;empathie. Elle peut changer une vie.\u00a0<\/p>\n<p>Lord Esperanza\u00a0<\/p>\n<\/blockquote>\n<p><strong><a href=\"https:\/\/juliecolombet.fr\/\" target=\"_blank\" rel=\"noopener\">Julie Colombet,<\/a> <\/strong>auteure-illustratrice de nombreux albums jeunesse, cr\u00e9atrice de l\u2019affiche de la 11e \u00e9dition de Partir en Livre.<strong>\u00a0<\/strong><\/p>\n<p>Elle est n\u00e9e \u00e0 Saint-\u00c9tienne en 1983 et se passionne tr\u00e8s jeune pour le dessin. Son premier album jeunesse, L\u2019\u00e9l\u00e9phant et le poisson, para\u00eet en 2010 au Petit L\u00e9zard.\u00a0<\/p>\n<p>Pour Partir en Livre, elle animera \u00e9galement un atelier artistique pour les enfants le 2 juillet \u00e0 Soucieu-en-Jarrest (d\u00e9partement du Rh\u00f4ne, en Auvergne-Rh\u00f4ne-Alpes) \u00e0 la biblioth\u00e8que \u00c9clats de lire autour de son album <a href=\"https:\/\/gw000151-eu.fortimail.com\/fmlurlsvc\/?fewReq=:B:JVw4MzczOCR0PzAsMiRrZj8yMzgyMyRxa2VsY3Z3cGc\/MjQzZDo0NmYyZzJjZDYzMTUyNmQyZmczYzs0ZzI1ZDQ2MDU3O2YwNSR2PzM1Njs6MjowOzMkc2tmPzc3RjtyVFRLMjI2OjQwLzc3RjtyVFRJMjI2OjQwJHBhcnY\/QWdha25nLE5DVE1OTVZCcGRrLGRwJGE\/MDokamZuPzI=&amp;url=https:\/\/www.casterman.com\/Jeunesse\/Catalogue\/le-club-des-lemmings-tres-distingues\/9782203180789\" target=\"_blank\" rel=\"noopener\">Le Club des lemmings tr\u00e8s distingu\u00e9s<\/a> (Casterman, 2019).<\/p>\n<blockquote class=\"quote\">\n<p>Quand j&rsquo;\u00e9tais petite, je n&rsquo;aimais pas lire. Je trouvais cela ennuyeux. Le go\u00fbt de la lecture est venu plus tard. Il peut arriver \u00e0 tout \u00e2ge. Il faut d\u00e9complexer les enfants l\u00e0-dessus.<\/p>\n<p>Julie Colombet<\/p>\n<\/blockquote>\n<p>Partir en livre est une manifestation du minist\u00e8re de la Culture organis\u00e9e par le Centre national du livre. Retrouvez toutes les manifestations <a href=\"https:\/\/www.partir-en-livre.fr\/\" target=\"_blank\" rel=\"noopener\"><strong>ici.<\/strong><\/a><\/p>\n<p>Et si vous aimez la lecture, vous pouvez suivre le compte Instagram de<strong> <a href=\"https:\/\/www.instagram.com\/accounts\/login\/?next=https:\/\/www.instagram.com\/maxime.biaggi\/?hl=fr&amp;is_from_rle\" target=\"_blank\" rel=\"noopener\">Maxime Biaggi\u00a0<\/a><\/strong><\/p>\n<p>Et comme chaque mercredi, retrouvez la chronique de\u00a0<strong><a href=\"https:\/\/www.rfi.fr\/fr\/auteur\/lucie-bouteloup\/\" target=\"_self\" rel=\"noopener\">Lucie Bouteloup<\/a><\/strong>. Cette semaine, elle vous propose de d\u00e9couvrir l&rsquo;expression \u00ab\u00a0C&rsquo;est carr\u00e9\u202f!\u00a0\u00bb avec la lexicographe G\u00e9raldine Moinard.\u00a0<\/p>\n<p>Une chronique en partenariat avec les <a href=\"https:\/\/www.lerobert.com\/\" target=\"_blank\" rel=\"noopener\"><strong>\u00e9ditions Le Robert.<\/strong><\/a>\u00a0<\/p>\n<p><strong>Programmation musicale<\/strong><strong> :\u00a0<\/strong><\/p>\n<p>L&rsquo;artiste<strong>\u00a0<\/strong>Lord Esperanza avec le titre La nuit, je vois<\/p>\n<p>                <script async src=\"\/\/www.instagram.com\/embed.js\"><\/script><\/p>\n","protected":false},"excerpt":{"rendered":"La onzi\u00e8me \u00e9dition de l&rsquo;op\u00e9ration Partir en livre dont le th\u00e8me retenu cette ann\u00e9e est \u00ab\u00a0les animaux et&hellip;\n","protected":false},"author":2,"featured_media":186178,"comment_status":"","ping_status":"","sticky":false,"template":"","format":"standard","meta":{"footnotes":""},"categories":[1357],"tags":[1379,251,32410,58,59,1011,27,4075,1380],"class_list":{"0":"post-186177","1":"post","2":"type-post","3":"status-publish","4":"format-standard","5":"has-post-thumbnail","7":"category-livres","8":"tag-books","9":"tag-culture","10":"tag-de-vives-voix","11":"tag-divertissement","12":"tag-entertainment","13":"tag-fr","14":"tag-france","15":"tag-jeunesse","16":"tag-livres"},"share_on_mastodon":{"url":"https:\/\/pubeurope.com\/@fr\/114705106505283563","error":""},"_links":{"self":[{"href":"https:\/\/www.europesays.com\/fr\/wp-json\/wp\/v2\/posts\/186177","targetHints":{"allow":["GET"]}}],"collection":[{"href":"https:\/\/www.europesays.com\/fr\/wp-json\/wp\/v2\/posts"}],"about":[{"href":"https:\/\/www.europesays.com\/fr\/wp-json\/wp\/v2\/types\/post"}],"author":[{"embeddable":true,"href":"https:\/\/www.europesays.com\/fr\/wp-json\/wp\/v2\/users\/2"}],"replies":[{"embeddable":true,"href":"https:\/\/www.europesays.com\/fr\/wp-json\/wp\/v2\/comments?post=186177"}],"version-history":[{"count":0,"href":"https:\/\/www.europesays.com\/fr\/wp-json\/wp\/v2\/posts\/186177\/revisions"}],"wp:featuredmedia":[{"embeddable":true,"href":"https:\/\/www.europesays.com\/fr\/wp-json\/wp\/v2\/media\/186178"}],"wp:attachment":[{"href":"https:\/\/www.europesays.com\/fr\/wp-json\/wp\/v2\/media?parent=186177"}],"wp:term":[{"taxonomy":"category","embeddable":true,"href":"https:\/\/www.europesays.com\/fr\/wp-json\/wp\/v2\/categories?post=186177"},{"taxonomy":"post_tag","embeddable":true,"href":"https:\/\/www.europesays.com\/fr\/wp-json\/wp\/v2\/tags?post=186177"}],"curies":[{"name":"wp","href":"https:\/\/api.w.org\/{rel}","templated":true}]}}