{"id":186185,"date":"2025-06-18T15:39:10","date_gmt":"2025-06-18T15:39:10","guid":{"rendered":"https:\/\/www.europesays.com\/fr\/186185\/"},"modified":"2025-06-18T15:39:10","modified_gmt":"2025-06-18T15:39:10","slug":"le-cas-autochtone-de-chikungunya-le-plus-precoce-jamais-identifie-dans-le-var-on-fait-le-point-sur-la-transmission-des-maladies-par-les-moustiques-tigres-dans-la-region-paca","status":"publish","type":"post","link":"https:\/\/www.europesays.com\/fr\/186185\/","title":{"rendered":"Le cas autochtone de chikungunya le plus pr\u00e9coce jamais identifi\u00e9 dans le Var: on fait le point sur la transmission des maladies par les moustiques-tigres dans la r\u00e9gion Paca"},"content":{"rendered":"<p>Impossible de passer \u00e0 c\u00f4t\u00e9 du bourdonnement caract\u00e9ristique&#8230; et des d\u00e9mangeaisons dues aux piq\u00fbres. Les moustiques-tigres sont de retour et, avec, le risque de propagation de maladies comme\u00a0la <strong>dengue<\/strong>, le <strong>chikungunya<\/strong> et le <strong>zika<\/strong>.<\/p>\n<p>Le dispositif de surveillance renforc\u00e9e, actif du 1er mai au 30 novembre, a permis d&rsquo;enregistrer \u00e0 ce jour\u00a0<strong>91 cas import\u00e9s<\/strong>\u00a0dans la r\u00e9gion\u00a0Provence-Alpes-C\u00f4te-d&rsquo;Azur, contre 980 \u00e0 l&rsquo;\u00e9chelle du pays, l&rsquo;Auvergne-Rh\u00f4ne-Alpes cumulant le plus de signalements (181).<\/p>\n<p>Les voyageurs contamin\u00e9s revenaient principalement de Guadeloupe, Martinique, Polyn\u00e9sie fran\u00e7aise, La R\u00e9union, Maurice, Mayotte et Tha\u00eflande,\u00a0selon les derni\u00e8res donn\u00e9es de <a href=\"https:\/\/www.santepubliquefrance.fr\/maladies-et-traumatismes\/maladies-a-transmission-vectorielle\/chikungunya\/documents\/bulletin-national\/chikungunya-dengue-et-zika-en-france-hexagonale.-bulletin-de-la-surveillance-renforcee-du-17-juin-2025\" target=\"_blank\" rel=\"noopener nofollow\">Sant\u00e9 publique France<\/a> datant du mardi 17 juin 2025.\u00a0\u00a0<\/p>\n<p><strong>Investigations \u00e0 La Crau apr\u00e8s un cas autochtone de chikungunya<\/strong><\/p>\n<p>Le fait marquant est l&rsquo;identification de deux cas autochtones de chikungunya, \u00ab\u00a0sans lien entre eux\u00a0\u00bb, \u00e0 <a href=\"https:\/\/www.varmatin.com\/a\/990018\" target=\"_blank\" rel=\"noopener nofollow\">La Crau dans le Var<\/a> le 2 juin et \u00e0\u00a0<a href=\"https:\/\/www.varmatin.com\/a\/990359\" target=\"_blank\" rel=\"noopener nofollow\">Prades-le-Lez dans l&rsquo;H\u00e9rault<\/a> le 27 mai.<\/p>\n<p>Il s&rsquo;agit des \u00ab\u00a0<strong>plus pr\u00e9coces\u00a0jamais identifi\u00e9s<\/strong> pour des cas autochtones au cours de la saison d&rsquo;activit\u00e9 du moustique vecteur en\u00a0France hexagonale\u00a0\u00bb, d\u00e9crypte Sant\u00e9 publique France.<\/p>\n<p>Les investigations visant \u00e0 caract\u00e9riser l&rsquo;ampleur de l&rsquo;\u00e9pisode sont toujours en cours, tout comme les <a href=\"https:\/\/www.varmatin.com\/a\/988633\" target=\"_blank\" rel=\"noopener nofollow\">mesures de pr\u00e9vention<\/a> et de contr\u00f4le.<\/p>\n<p>Cela passe principalement par \u00ab\u00a0deux traitements adulticides de <strong>d\u00e9moustication<\/strong> dans un p\u00e9rim\u00e8tre \u00e9largi\u00a0\u00bb de 300 m\u00e8tres autour du lieu contamin\u00e9.\u00a0<\/p>\n<p>Un cas de chikungunya en provenance de La R\u00e9union pourrait \u00eatre \u00e0 l&rsquo;origine de la transmission locale pour au moins l&rsquo;un des deux cas dans le Var et l&rsquo;H\u00e9rault.\u00a0<\/p>\n<p>            Comment se pr\u00e9venir des moustiques?<\/p>\n<p>Voici les gestes\u00a0conseill\u00e9s par l&rsquo;Agence r\u00e9gionale de sant\u00e9 pour lutter contre la prolif\u00e9ration du moustique-tigre, notamment en \u00e9radiquant ses lieux de ponte:<\/p>\n<p>&#8211; \u00e9liminer les <strong>petites r\u00e9serves d&rsquo;eau<\/strong> une fois par semaine, notamment les coupelles des\u00a0plantes;\u00a0<\/p>\n<p>&#8211; b\u00e2cher herm\u00e9tiquement ou recouvrir d&rsquo;une <strong>moustiquaire<\/strong> les r\u00e9serves d&rsquo;eau (f\u00fbt, bidon,\u00a0etc.);\u00a0<\/p>\n<p>&#8211; ranger<strong> \u00e0 l&rsquo;abri de la pluie<\/strong> tout ce qui peut contenir de l&rsquo;eau (seaux, arrosoirs, jouets des\u00a0enfants);\u00a0<\/p>\n<p>&#8211; ramasser les <strong>d\u00e9chets verts<\/strong> et nettoyer les goutti\u00e8res.<\/p>\n","protected":false},"excerpt":{"rendered":"Impossible de passer \u00e0 c\u00f4t\u00e9 du bourdonnement caract\u00e9ristique&#8230; et des d\u00e9mangeaisons dues aux piq\u00fbres. Les moustiques-tigres sont de&hellip;\n","protected":false},"author":2,"featured_media":120100,"comment_status":"","ping_status":"","sticky":false,"template":"","format":"standard","meta":{"footnotes":""},"categories":[10],"tags":[1011,27,72,71],"class_list":{"0":"post-186185","1":"post","2":"type-post","3":"status-publish","4":"format-standard","5":"has-post-thumbnail","7":"category-sante","8":"tag-fr","9":"tag-france","10":"tag-health","11":"tag-sante"},"share_on_mastodon":{"url":"https:\/\/pubeurope.com\/@fr\/114705122160226137","error":""},"_links":{"self":[{"href":"https:\/\/www.europesays.com\/fr\/wp-json\/wp\/v2\/posts\/186185","targetHints":{"allow":["GET"]}}],"collection":[{"href":"https:\/\/www.europesays.com\/fr\/wp-json\/wp\/v2\/posts"}],"about":[{"href":"https:\/\/www.europesays.com\/fr\/wp-json\/wp\/v2\/types\/post"}],"author":[{"embeddable":true,"href":"https:\/\/www.europesays.com\/fr\/wp-json\/wp\/v2\/users\/2"}],"replies":[{"embeddable":true,"href":"https:\/\/www.europesays.com\/fr\/wp-json\/wp\/v2\/comments?post=186185"}],"version-history":[{"count":0,"href":"https:\/\/www.europesays.com\/fr\/wp-json\/wp\/v2\/posts\/186185\/revisions"}],"wp:featuredmedia":[{"embeddable":true,"href":"https:\/\/www.europesays.com\/fr\/wp-json\/wp\/v2\/media\/120100"}],"wp:attachment":[{"href":"https:\/\/www.europesays.com\/fr\/wp-json\/wp\/v2\/media?parent=186185"}],"wp:term":[{"taxonomy":"category","embeddable":true,"href":"https:\/\/www.europesays.com\/fr\/wp-json\/wp\/v2\/categories?post=186185"},{"taxonomy":"post_tag","embeddable":true,"href":"https:\/\/www.europesays.com\/fr\/wp-json\/wp\/v2\/tags?post=186185"}],"curies":[{"name":"wp","href":"https:\/\/api.w.org\/{rel}","templated":true}]}}