{"id":186188,"date":"2025-06-18T15:41:09","date_gmt":"2025-06-18T15:41:09","guid":{"rendered":"https:\/\/www.europesays.com\/fr\/186188\/"},"modified":"2025-06-18T15:41:09","modified_gmt":"2025-06-18T15:41:09","slug":"france-2-caroline-roux-a-refuse-le-journal-de-20-heures","status":"publish","type":"post","link":"https:\/\/www.europesays.com\/fr\/186188\/","title":{"rendered":"France\u00a02\u00a0: Caroline Roux a refus\u00e9 le journal de 20\u00a0Heures"},"content":{"rendered":"<p class=\"paragraph text_align_left lp-f-body-02\">C\u2019est non. Selon nos informations, <a href=\"https:\/\/www.leparisien.fr\/bien-manger\/caroline-roux-le-diner-chez-nous-cest-une-institution-26-10-2024-LO2NN5EAP5FANBIX7PKAC6QVYY.php\" target=\"_self\" rel=\"nofollow noopener\">Caroline Roux<\/a> a finalement refus\u00e9 de succ\u00e9der \u00e0 <a href=\"https:\/\/www.leparisien.fr\/culture-loisirs\/tv\/elle-aura-marque-lhistoire-du-20-heures-anne-sophie-lapix-huit-annees-mouvementees-au-jt-de-france-2-28-05-2025-J4LU62LEHFHZDHFQRKYOPGNS5I.php\" target=\"_self\" rel=\"nofollow noopener\">Anne-Sophie Lapix<\/a> aux commandes du 20 Heures la saison prochaine. La journaliste vient d\u2019en faire l\u2019annonce cet apr\u00e8s-midi aux \u00e9quipes de <a href=\"https:\/\/www.leparisien.fr\/culture-loisirs\/tv\/cest-le-20-heures-de-france-5-avec-caroline-roux-dans-les-coulisses-du-retour-de-c-dans-lair-23-08-2022-LS2O2LMWPVAPLLAXMJNRR2QNLA.php\" target=\"_self\" rel=\"nofollow noopener\">\u00ab C dans l\u2019air \u00bb<\/a>, qu\u2019elle a donc choisi de continuer \u00e0 pr\u00e9senter la saison prochaine.<\/p>\n<p class=\"paragraph text_align_left lp-f-body-02\">Caroline Roux, 53 ans, s\u2019est vue proposer le poste il y a plusieurs semaines. Mais en coulisses, elle exigeait de venir avec Sylvain Thierry, le producteur \u00e9ditorial dans \u00ab C dans l\u2019air \u00bb, un proche en qui elle a une enti\u00e8re confiance. De son c\u00f4t\u00e9, France T\u00e9l\u00e9visions souhaitait que le r\u00e9dacteur en chef du journal du soir soit nomm\u00e9 au sein de la r\u00e9daction de la cha\u00eene. \u00ab Quand les affaires tra\u00eenent \u00e0 \u00eatre officialis\u00e9es, c\u2019est toujours que \u00e7a cache des tensions \u00bb, pr\u00e9vient un proche du dossier qui rappelle que Caroline Roux n\u2019a jamais r\u00eav\u00e9 <a href=\"https:\/\/www.leparisien.fr\/culture-loisirs\/tv\/caroline-roux-maya-lauque-julien-arnaud-qui-pour-remplacer-anne-sophie-lapix-au-20-heures-de-france-2-27-05-2025-RKXRJHVJJFDIZAAAMYHAQWBEOY.php\" target=\"_self\" rel=\"nofollow noopener\">de pr\u00e9senter ce journal<\/a>.<\/p>\n<p class=\"paragraph text_align_left lp-f-body-02\">Consciente de ses r\u00e9ticences, la direction de France T\u00e9l\u00e9visions aurait contact\u00e9 ces derniers jours d\u2019autres personnalit\u00e9s\u2026 La succession d\u2019Anne-Sophie Lapix reste donc ouverte.<\/p>\n<p class=\"paragraph text_align_left lp-f-body-02\"><b>&gt;&gt; Plus d\u2019informations \u00e0 venir\u2026<\/b><\/p>\n","protected":false},"excerpt":{"rendered":"C\u2019est non. Selon nos informations, Caroline Roux a finalement refus\u00e9 de succ\u00e9der \u00e0 Anne-Sophie Lapix aux commandes du&hellip;\n","protected":false},"author":2,"featured_media":186189,"comment_status":"","ping_status":"","sticky":false,"template":"","format":"standard","meta":{"footnotes":""},"categories":[8],"tags":[872,58,59,1011,27,2205],"class_list":{"0":"post-186188","1":"post","2":"type-post","3":"status-publish","4":"format-standard","5":"has-post-thumbnail","7":"category-divertissement","8":"tag-culture-et-loisirs","9":"tag-divertissement","10":"tag-entertainment","11":"tag-fr","12":"tag-france","13":"tag-television-medias"},"share_on_mastodon":{"url":"https:\/\/pubeurope.com\/@fr\/114705130276893260","error":""},"_links":{"self":[{"href":"https:\/\/www.europesays.com\/fr\/wp-json\/wp\/v2\/posts\/186188","targetHints":{"allow":["GET"]}}],"collection":[{"href":"https:\/\/www.europesays.com\/fr\/wp-json\/wp\/v2\/posts"}],"about":[{"href":"https:\/\/www.europesays.com\/fr\/wp-json\/wp\/v2\/types\/post"}],"author":[{"embeddable":true,"href":"https:\/\/www.europesays.com\/fr\/wp-json\/wp\/v2\/users\/2"}],"replies":[{"embeddable":true,"href":"https:\/\/www.europesays.com\/fr\/wp-json\/wp\/v2\/comments?post=186188"}],"version-history":[{"count":0,"href":"https:\/\/www.europesays.com\/fr\/wp-json\/wp\/v2\/posts\/186188\/revisions"}],"wp:featuredmedia":[{"embeddable":true,"href":"https:\/\/www.europesays.com\/fr\/wp-json\/wp\/v2\/media\/186189"}],"wp:attachment":[{"href":"https:\/\/www.europesays.com\/fr\/wp-json\/wp\/v2\/media?parent=186188"}],"wp:term":[{"taxonomy":"category","embeddable":true,"href":"https:\/\/www.europesays.com\/fr\/wp-json\/wp\/v2\/categories?post=186188"},{"taxonomy":"post_tag","embeddable":true,"href":"https:\/\/www.europesays.com\/fr\/wp-json\/wp\/v2\/tags?post=186188"}],"curies":[{"name":"wp","href":"https:\/\/api.w.org\/{rel}","templated":true}]}}