{"id":18619,"date":"2025-04-12T00:20:09","date_gmt":"2025-04-12T00:20:09","guid":{"rendered":"https:\/\/www.europesays.com\/fr\/18619\/"},"modified":"2025-04-12T00:20:09","modified_gmt":"2025-04-12T00:20:09","slug":"mick-jagger-a-nouveau-fiance-kanye-west-presente-ses-excuses-a-jay-z","status":"publish","type":"post","link":"https:\/\/www.europesays.com\/fr\/18619\/","title":{"rendered":"Mick Jagger \u00e0 nouveau fianc\u00e9\u2026 Kanye West pr\u00e9sente ses excuses \u00e0 Jay-Z\u2026"},"content":{"rendered":"<p>11\u00a0avril 2025<\/p>\n<p>Patrick Schwarzenegger se sent pr\u00eat \u00e0 tourner avec son p\u00e8re<\/p>\n<p>L\u2019acteur de The White Lotus a certainement vu les portes de Hollywood s\u2019ouvrir plus facilement gr\u00e2ce \u00e0 la notori\u00e9t\u00e9 de son p\u00e8re, Arnold Schwarzenegger. Seulement, Patrick Schwarzenegger n\u2019a jamais souhait\u00e9 appara\u00eetre \u00e0 l\u2019\u00e9cran avec le Terminator, bien d\u00e9cid\u00e9 \u00e0 se faire un pr\u00e9nom tout seul.<\/p>\n<p>Force est de constater qu\u2019il y est arriv\u00e9 en d\u00e9crochant un r\u00f4le dans la troisi\u00e8me saison de la s\u00e9rie HBO \u00e0 succ\u00e8s, ce qui \u00e9loigne un peu <a href=\"https:\/\/www.20minutes.fr\/arts-stars\/people\/4141038-20250301-patrick-schwarzenegger-dement-avoir-profite-statut-nepo-baby-decrocher-role-the-white-lotus\" target=\"_blank\" class=\"color-ultramarine c-link\" rel=\"nofollow noopener\">le statut de nepo baby<\/a> que certains voudraient lui coller. Du coup, partager l\u2019affiche avec son p\u00e8re ne lui semble plus \u00eatre un obstacle \u00e0 sa cr\u00e9dibilit\u00e9 d\u2019acteur.<\/p>\n<p>\u00ab\u00a0Je n\u2019ai jamais voulu le faire avant, mais maintenant j\u2019ai l\u2019impression d\u2019avoir quelques cr\u00e9dits \u00e0 mon actif et d\u2019avoir travaill\u00e9, et je pense que je suis arriv\u00e9 \u00e0 un point o\u00f9 je me sentirais \u00e0 l\u2019aise pour travailler avec lui\u00a0\u00bb, <a href=\"https:\/\/www.hollywoodreporter.com\/tv\/tv-features\/patrick-schwarzenegger-the-white-lotus-interview-1236186849\/\" rel=\"nofollow noopener\" target=\"_blank\" class=\"color-ultramarine c-link\">a-t-il expliqu\u00e9<\/a> \u00e0 The Hollywood Reporter.<\/p>\n<p>D\u2019autant plus que des fans approchent d\u00e9sormais son p\u00e8re pour lui parler de <a href=\"https:\/\/www.20minutes.fr\/arts-stars\/people\/4139807-20250222-patrick-schwarzenegger-mis-famille-emoi-quand-annonce-avoir-decroche-role-the-white-lotus\" target=\"_blank\" class=\"color-ultramarine c-link\" rel=\"nofollow noopener\">The White Lotus<\/a>\u00a0; un retournement de situation surprenant pour le jeune acteur qui a grandi dans l\u2019ombre de l\u2019ic\u00f4ne du cin\u00e9ma d\u2019action.<\/p>\n<p>Mick Jagger et Melanie Hamrick sont fianc\u00e9s<\/p>\n<p>Kanye West pr\u00e9sente ses excuses \u00e0 Jay-Z<\/p>\n<p>Le rappeur est revenu sur l\u2019un de ses <a href=\"https:\/\/www.20minutes.fr\/arts-stars\/people\/4146227-20250331-kanye-west-declare-regretter-avoir-enfants-kim-kardashian\" target=\"_blank\" class=\"color-ultramarine c-link\" rel=\"nofollow noopener\">anciens tweets haineux<\/a> o\u00f9 il affirmait que les jumeaux de sept ans de Jay-Z et Beyonc\u00e9 \u00e9taient \u00ab\u00a0attard\u00e9s\u00a0\u00bb.<\/p>\n<p>Des propos qui auraient pouss\u00e9 le couple \u00e0 consid\u00e9rer une action en justice contre Ye. Mais quelques jours plus tard, ce dernier s\u2019est finalement excus\u00e9 aupr\u00e8s de l\u2019artiste sur X, tout en d\u00e9plorant un certain <a href=\"https:\/\/www.20minutes.fr\/arts-stars\/people\/4147052-20250404-people-kanye-west-lance-appel-desespere-bianca-censori-apres-separation\" target=\"_blank\" class=\"color-ultramarine c-link\" rel=\"nofollow noopener\">manque de soutien<\/a> de la part de ses coll\u00e8gues de hip-hop.<\/p>\n<p>\u00ab\u00a0Je suis d\u00e9sol\u00e9 Jay Z\u00a0\u00bb, a-t-il <a href=\"https:\/\/www.dailymail.co.uk\/tvshowbiz\/article-14597273\/kanye-west-apologizes-jay-z-twins-beyonce.html\" rel=\"nofollow noopener\" target=\"_blank\" class=\"color-ultramarine c-link\">post\u00e9<\/a> sur le r\u00e9seau social. \u00ab\u00a0Je me sens mal \u00e0 propos de mon tweet, mais je pense toujours que j\u2019ai donn\u00e9 ma vie \u00e0 cette industrie et je consid\u00e9rais tellement de personnes comme ma famille, mais quand j\u2019ai eu besoin d\u2019une famille pour de vraies conneries, aucun de ces gars du rap n\u2019a assur\u00e9 mes arri\u00e8res\u00a0\u00bb.<\/p>\n","protected":false},"excerpt":{"rendered":"11\u00a0avril 2025 Patrick Schwarzenegger se sent pr\u00eat \u00e0 tourner avec son p\u00e8re L\u2019acteur de The White Lotus a&hellip;\n","protected":false},"author":2,"featured_media":18620,"comment_status":"","ping_status":"","sticky":false,"template":"","format":"standard","meta":{"footnotes":""},"categories":[1359],"tags":[7363,7362,58,59,2702,1011,27,5547,7360,7361,6804,973,133],"class_list":{"0":"post-18619","1":"post","2":"type-post","3":"status-publish","4":"format-standard","5":"has-post-thumbnail","7":"category-people","8":"tag-arnold-schwarzenegger","9":"tag-beyonce","10":"tag-divertissement","11":"tag-entertainment","12":"tag-fil-des-stars","13":"tag-fr","14":"tag-france","15":"tag-hbo","16":"tag-jay-z","17":"tag-kanye-west","18":"tag-mick-jagger","19":"tag-people","20":"tag-video"},"share_on_mastodon":{"url":"https:\/\/pubeurope.com\/@fr\/114322133721558212","error":""},"_links":{"self":[{"href":"https:\/\/www.europesays.com\/fr\/wp-json\/wp\/v2\/posts\/18619","targetHints":{"allow":["GET"]}}],"collection":[{"href":"https:\/\/www.europesays.com\/fr\/wp-json\/wp\/v2\/posts"}],"about":[{"href":"https:\/\/www.europesays.com\/fr\/wp-json\/wp\/v2\/types\/post"}],"author":[{"embeddable":true,"href":"https:\/\/www.europesays.com\/fr\/wp-json\/wp\/v2\/users\/2"}],"replies":[{"embeddable":true,"href":"https:\/\/www.europesays.com\/fr\/wp-json\/wp\/v2\/comments?post=18619"}],"version-history":[{"count":0,"href":"https:\/\/www.europesays.com\/fr\/wp-json\/wp\/v2\/posts\/18619\/revisions"}],"wp:featuredmedia":[{"embeddable":true,"href":"https:\/\/www.europesays.com\/fr\/wp-json\/wp\/v2\/media\/18620"}],"wp:attachment":[{"href":"https:\/\/www.europesays.com\/fr\/wp-json\/wp\/v2\/media?parent=18619"}],"wp:term":[{"taxonomy":"category","embeddable":true,"href":"https:\/\/www.europesays.com\/fr\/wp-json\/wp\/v2\/categories?post=18619"},{"taxonomy":"post_tag","embeddable":true,"href":"https:\/\/www.europesays.com\/fr\/wp-json\/wp\/v2\/tags?post=18619"}],"curies":[{"name":"wp","href":"https:\/\/api.w.org\/{rel}","templated":true}]}}