{"id":18621,"date":"2025-04-12T00:21:25","date_gmt":"2025-04-12T00:21:25","guid":{"rendered":"https:\/\/www.europesays.com\/fr\/18621\/"},"modified":"2025-04-12T00:21:25","modified_gmt":"2025-04-12T00:21:25","slug":"cest-quoi-ces-etonnantes-oeuvres-pixellisees-apparues-dans-les-rues-de-beauvais","status":"publish","type":"post","link":"https:\/\/www.europesays.com\/fr\/18621\/","title":{"rendered":"C&rsquo;est quoi ces \u00e9tonnantes \u0153uvres pixellis\u00e9es apparues dans les rues de Beauvais\u00a0?"},"content":{"rendered":"<p>            Par<br \/>\n        <strong><br \/>\n            <a href=\"https:\/\/actu.fr\/auteur\/adrien-deschepper\" title=\"Consulter tous les articles de Adrien Deschepper\" target=\"_blank\" rel=\"noopener\">Adrien Deschepper<\/a><br \/>\n        <\/strong><\/p>\n<p>        Publi\u00e9 le<\/p>\n<p>            9 avr. 2025 \u00e0 17h06        <\/p>\n<p>Il faudra avoir les yeux grands ouverts et de bonnes chaussures de marche pour pouvoir toutes les d\u00e9nicher. \u00c0 <strong>Beauvais<\/strong>, dans l\u2019<a href=\"http:\/\/actu.fr\/oise\/\" target=\"_blank\" rel=\"noopener\">Oise<\/a>, plusieurs <strong>mosa\u00efques<\/strong> viennent d\u2019\u00eatre \u00e9parpill\u00e9es par Hansel Pixel, un artiste de rue anonyme qui partage son travail sur les r\u00e9seaux sociaux.<\/p>\n<p class=\" wall-content\">Nous l\u2019avons contact\u00e9. L\u2019int\u00e9ress\u00e9 nous a expliqu\u00e9 les coulisses de son art.<\/p>\n<p>\u00ab\u00a0Mettre de l\u2019art dans la vie des gens\u00a0\u00bb<\/p>\n<p class=\" wall-content\">\u00ab\u00a0\u00c7a va faire une grosse ann\u00e9e que je fais cela de fa\u00e7on r\u00e9guli\u00e8re\u00a0\u00bb, retrace l\u2019artiste, sp\u00e9cialis\u00e9 dans la conception de dessins en pixels. \u00ab\u00a0J\u2019ai ressenti <strong>un besoin d\u2019exposer dans la rue<\/strong> et de mettre du positif dans la vie\u00a0\u00bb.<\/p>\n<p class=\" wall-content\">Cet ancien pratiquant du graffiti souhaitait \u00ab\u00a0d\u00e9poser de l\u2019art dans la vie des gens de fa\u00e7on <strong>gratuite et incongrue\u00a0\u00bb<\/strong>. \u00ab\u00a0Et c\u2019est tr\u00e8s bien re\u00e7u\u00a0\u00bb, se r\u00e9jouit-il, apr\u00e8s avoir fait de m\u00eame \u00e0 <a href=\"https:\/\/actu.fr\/lille\/\" target=\"_blank\" rel=\"noopener\">Lille<\/a> ou bien \u00e0 <a href=\"https:\/\/actu.fr\/hauts-de-france\/clermont_60157\" target=\"_blank\" rel=\"noopener\">Clermont<\/a>, d\u00e9j\u00e0 dans l\u2019Oise, d\u00e9but 2025.<\/p>\n<p>Un avion, Jeanne Hachette, un tracteur\u2026<\/p>\n<p class=\" wall-content\">Cette fois, il a choisi une ville plus grande. \u00ab\u00a0Je passe r\u00e9guli\u00e8rement dans les parages. J\u2019ai l\u2019impression que Beauvais n\u2019a pas une superbe r\u00e9putation en France mais elle a pourtant des choses \u00e0 raconter\u00a0\u00bb, juge Hansel Pixel.\u00a0<\/p>\n<p>      <img   decoding=\"async\" loading=\"lazy\" src=\"https:\/\/www.europesays.com\/fr\/wp-content\/uploads\/2025\/04\/mosaique-hanselpixel-beauvais-oise-960x640.jpeg\" alt=\"Pr\u00e8s de la place Jeanne-Hachette, l'artiste a install\u00e9 une mosa\u00efque repr\u00e9sentant un pistolet \u00e0 bulles.\" width=\"960\" height=\"640\"\/><br \/>\n    Pr\u00e8s de la place Jeanne-Hachette, l\u2019artiste a install\u00e9 une mosa\u00efque repr\u00e9sentant un pistolet \u00e0 bulles. (\u00a9Adrien Deschepper \/ Actu Oise)<\/p>\n<p class=\" wall-content\">Ici, il a diss\u00e9min\u00e9 une repr\u00e9sentation de <strong>Jeanne Hachette<\/strong>, figure locale connue pour avoir repouss\u00e9e une attaque bourguignonne, un <strong>avion<\/strong> en r\u00e9f\u00e9rence \u00e0 <a href=\"https:\/\/actu.fr\/tag\/aeroport-de-paris-beauvais\" target=\"_blank\" rel=\"noopener\">l\u2019a\u00e9roport de Beauvais<\/a>, sujet qu\u2019il qualifie de \u00ab\u00a0clivant\u00a0\u00bb localement, une <strong>navette spatiale<\/strong>, un <strong>pistolet \u00e0 bulles<\/strong>, un <strong>h\u00e9risson<\/strong> en r\u00e9f\u00e9rence \u00e0 la publicit\u00e9 de l\u2019usine Spontex ainsi qu\u2019un <strong>tracteur<\/strong> en lien avec le site Massey Fergusson.\u00a0<\/p>\n<blockquote class=\"ac-article-quote wall-content\">\n<p>J&rsquo;essaie de trouver des mosa\u00efques qui rentrent dans le th\u00e8me de la ville, cela permet d&rsquo;avoir une adh\u00e9sion de le part des habitants. Si je faisais quelque chose de choquant ou de politique, mes mosa\u00efques seraient vite retir\u00e9es. Alors que l\u00e0, j&rsquo;en ai pos\u00e9 85 en France et aucune n&rsquo;a \u00e9t\u00e9 enlev\u00e9e.\u00a0<\/p>\n<p>    <strong>Hansel Pixel<\/strong><br \/>\n        Artiste    <\/p><\/blockquote>\n<p>Un jeu de piste propos\u00e9 aux Beauvaisiens<\/p>\n<p class=\" wall-content\">Pour marquer son initiative, l\u2019artiste <strong>invite les habitants de Beauvais \u00e0 un challenge<\/strong>. Ceux qui souhaitent y participer sont invit\u00e9s \u00e0 photographier les 10 \u0153uvres qu\u2019il a d\u00e9pos\u00e9es et \u00e0 lui envoyer les images sur <a href=\"https:\/\/www.instagram.com\/hanselpixel\/\" target=\"_blank\" rel=\"noopener\">Instagram<\/a> ou par mail \u00e0 <a href=\"https:\/\/actu.fr\/cdn-cgi\/l\/email-protection\" class=\"__cf_email__\" data-cfemail=\"97fff6f9e4f2fbe7feeff2fbd7f0faf6fefbb9f4f8fa\" target=\"_blank\" rel=\"noopener\">[email\u00a0protected]<\/a>.<\/p>\n<p class=\" wall-content\">La premi\u00e8re personne \u00e0 r\u00e9ussir cette chasse aux tr\u00e9sors remportera un tableau avec la hache de Jeanne Hachette en mosa\u00efque. Les trois suivants remporteront un lot de stickers et un magnet pour r\u00e9frig\u00e9rateur.<\/p>\n<p class=\" wall-content\">Dans les rues de Beauvais, <strong>des petites affiches<\/strong> ont \u00e9galement \u00e9t\u00e9 scotch\u00e9s par l\u2019artiste pour expliquer cette d\u00e9marche. Dans un avenir proche, Hans Pixel a pr\u00e9vu pareille initiative dans les rues d\u2019Amiens (Somme) et ne s\u2019interdit pas de faire de m\u00eame \u00e0 Creil ou Senlis.<\/p>\n<p class=\" wall-content\">Suivez toute l\u2019actualit\u00e9 de vos villes et m\u00e9dias favoris en vous inscrivant \u00e0 <a href=\"https:\/\/moncompte.actu.fr\" title=\"D\u00e9couvez Mon Actu\" rel=\"nofollow noopener\" data-trk=\"{&quot;cta&quot;:{&quot;action&quot;:&quot;https:\\\/\\\/moncompte.actu.fr&quot;,&quot;category&quot;:&quot;mon compte&quot;,&quot;from&quot;:&quot;article footer&quot;,&quot;name&quot;:&quot;Mon actu&quot;,&quot;type&quot;:&quot;cta&quot;}}\" target=\"_blank\">Mon Actu<\/a>.<\/p>\n<p>                    <script async src=\"\/\/www.instagram.com\/embed.js\"><\/script><\/p>\n","protected":false},"excerpt":{"rendered":"Par Adrien Deschepper Publi\u00e9 le 9 avr. 2025 \u00e0 17h06 Il faudra avoir les yeux grands ouverts et&hellip;\n","protected":false},"author":2,"featured_media":18622,"comment_status":"","ping_status":"","sticky":false,"template":"","format":"standard","meta":{"footnotes":""},"categories":[1358],"tags":[1348,1384,1385,1386,58,59,1011,27,7364,104],"class_list":{"0":"post-18621","1":"post","2":"type-post","3":"status-publish","4":"format-standard","5":"has-post-thumbnail","7":"category-arts-et-design","8":"tag-arts","9":"tag-arts-and-design","10":"tag-arts-et-design","11":"tag-design","12":"tag-divertissement","13":"tag-entertainment","14":"tag-fr","15":"tag-france","16":"tag-loise","17":"tag-societe"},"share_on_mastodon":{"url":"https:\/\/pubeurope.com\/@fr\/114322137665888502","error":""},"_links":{"self":[{"href":"https:\/\/www.europesays.com\/fr\/wp-json\/wp\/v2\/posts\/18621","targetHints":{"allow":["GET"]}}],"collection":[{"href":"https:\/\/www.europesays.com\/fr\/wp-json\/wp\/v2\/posts"}],"about":[{"href":"https:\/\/www.europesays.com\/fr\/wp-json\/wp\/v2\/types\/post"}],"author":[{"embeddable":true,"href":"https:\/\/www.europesays.com\/fr\/wp-json\/wp\/v2\/users\/2"}],"replies":[{"embeddable":true,"href":"https:\/\/www.europesays.com\/fr\/wp-json\/wp\/v2\/comments?post=18621"}],"version-history":[{"count":0,"href":"https:\/\/www.europesays.com\/fr\/wp-json\/wp\/v2\/posts\/18621\/revisions"}],"wp:featuredmedia":[{"embeddable":true,"href":"https:\/\/www.europesays.com\/fr\/wp-json\/wp\/v2\/media\/18622"}],"wp:attachment":[{"href":"https:\/\/www.europesays.com\/fr\/wp-json\/wp\/v2\/media?parent=18621"}],"wp:term":[{"taxonomy":"category","embeddable":true,"href":"https:\/\/www.europesays.com\/fr\/wp-json\/wp\/v2\/categories?post=18621"},{"taxonomy":"post_tag","embeddable":true,"href":"https:\/\/www.europesays.com\/fr\/wp-json\/wp\/v2\/tags?post=18621"}],"curies":[{"name":"wp","href":"https:\/\/api.w.org\/{rel}","templated":true}]}}