{"id":186223,"date":"2025-06-18T15:59:10","date_gmt":"2025-06-18T15:59:10","guid":{"rendered":"https:\/\/www.europesays.com\/fr\/186223\/"},"modified":"2025-06-18T15:59:10","modified_gmt":"2025-06-18T15:59:10","slug":"ca-va-etre-fou-decathlon-debarque-dans-le-centre-ville-de-rennes","status":"publish","type":"post","link":"https:\/\/www.europesays.com\/fr\/186223\/","title":{"rendered":"\u00ab\u00a0\u00c7a va \u00eatre fou\u00a0\u00bb\u00a0: Decathlon d\u00e9barque dans le centre-ville de Rennes"},"content":{"rendered":"<p>L\u2019enseigne <a href=\"https:\/\/www.letelegramme.fr\/economie\/toute-l-actualite\/decathlon-grande-entreprise-preferee-des-francais-selon-un-sondage-3880338.php\" target=\"_blank\" rel=\"noopener\">pr\u00e9f\u00e9r\u00e9e des Fran\u00e7ais<\/a> arrive \u00e0 Rennes. D\u00e9j\u00e0 pr\u00e9sent en p\u00e9riph\u00e9rie depuis des ann\u00e9es, \ufeffle groupe Decathlon va bient\u00f4t ouvrir un magasin en plein centre-ville selon les informations du T\u00e9l\u00e9gramme. \ufeff<\/p>\n<p>Si tout n\u2019est pas encore compl\u00e8tement finalis\u00e9 pour le moment, le dossier est en bonne voie. Il devrait s\u2019agir d\u2019une boutique Decathlon City, le nouveau concept urbain de la marque centr\u00e9 sur les pratiques sportives des citadins.<\/p>\n<p>Le magasin sera situ\u00e9 \u00ab sur un emplacement premium \u00bb dans le centre historique de Rennes. Contact\u00e9e par nos soins, l\u2019enseigne d\u2019articles de sport et de loisirs confirme l\u2018ouverture d\u2019une boutique dans la capitale bretonne \u00ab avant la fin d\u2018ann\u00e9e \u00bb sans donner plus de d\u00e9tails.<\/p>\n<p>Une locomotive commerciale<\/p>\n<p>\u00ab C\u2018est une excellente nouvelle \u00bb, r\u00e9agit Anthony, vendeur de pr\u00eat \u00e0 porter dans le centre-ville de Rennes. \u00ab Decathlon est une \u00e9norme locomotive pour le commerce. On va forc\u00e9ment b\u00e9n\u00e9ficier de son attractivit\u00e9, \u00e7a va \u00eatre fou \u00bb.<\/p>\n<p>Pour Decathlon, cette ouverture permettra d\u2019effacer <a href=\"https:\/\/www.letelegramme.fr\/ille-et-vilaine\/rennes-35000\/palais-du-commerce-a-rennes-decathlon-lego-et-citadium-ne-viendront-pas-4062228.php#:~:text=Culture-,Palais%20du%20commerce%20%C3%A0%20Rennes%20%3A%20Decathlon%2C%20Lego,et%20Citadium%20ne%20viendront%20pas&amp;text=Apr%C3%A8s%20l&#039;abandon%20de%20l,commerce%20ont%20fait%20machine%20arri%C3%A8re.\" target=\"_blank\" rel=\"noopener\">le rendez-vous manqu\u00e9<\/a> avec le nouveau Palais du Commerce \u00e0 Rennes. Si l\u2019enseigne devait faire partie de l\u2019aventure au tout d\u00e9but, elle s\u2019est finalement r\u00e9tract\u00e9e au moment o\u00f9 le projet a \u00e9t\u00e9 rabot\u00e9\u2026 avant d\u2019\u00eatre carr\u00e9ment mis en pause.<\/p>\n<p>Nouvelle strat\u00e9gie<\/p>\n<p>Connu pour ses immenses magasins en p\u00e9riph\u00e9rie, Decathlon a commenc\u00e9 \u00e0 ouvrir des commerces en c\u0153ur de ville en 2017. Une fa\u00e7on de s\u00e9duire une client\u00e8le plus urbaine, avec un pouvoir d\u2019achat \u00e9lev\u00e9, qui a moins l\u2019habitude de se rendre dans les grands centres commerciaux en ext\u00e9rieur de ville. Une dizaine de magasins Decathlon City ont d\u00e9j\u00e0 ouvert un peu partout en France notamment \u00e0 Paris, Lille, Nice, Bordeaux, Lyon, Annecy ou encore Nantes.<\/p>\n<p>Deuxi\u00e8me distributeur mondial d\u2019articles de sport derri\u00e8re Nike, Decathlon a atteint un chiffre d\u2019affaires record de 16,2 milliards d\u2019euros en 2024. Pour autant, le groupe, propri\u00e9t\u00e9 du groupe Mulliez, affiche des r\u00e9sultats d\u00e9cevants en France o\u00f9 il doit faire face \u00e0 la concurrence grandissante d\u2019Intersport qui ne cesse de progresser depuis le rachat de Go Sport.<\/p>\n","protected":false},"excerpt":{"rendered":"L\u2019enseigne pr\u00e9f\u00e9r\u00e9e des Fran\u00e7ais arrive \u00e0 Rennes. D\u00e9j\u00e0 pr\u00e9sent en p\u00e9riph\u00e9rie depuis des ann\u00e9es, \ufeffle groupe Decathlon va&hellip;\n","protected":false},"author":2,"featured_media":186224,"comment_status":"","ping_status":"","sticky":false,"template":"","format":"standard","meta":{"footnotes":""},"categories":[2821],"tags":[1111,11,829,2033,33,1777,674,1011,27,848,12,584,25],"class_list":{"0":"post-186223","1":"post","2":"type-post","3":"status-publish","4":"format-standard","5":"has-post-thumbnail","7":"category-rennes","8":"tag-actu","9":"tag-actualites","10":"tag-bretagne","11":"tag-commerces-a-rennes","12":"tag-economie","13":"tag-eu","14":"tag-europe","15":"tag-fr","16":"tag-france","17":"tag-ille-et-vilaine","18":"tag-news","19":"tag-rennes","20":"tag-republique-francaise"},"share_on_mastodon":{"url":"https:\/\/pubeurope.com\/@fr\/114705200904034585","error":""},"_links":{"self":[{"href":"https:\/\/www.europesays.com\/fr\/wp-json\/wp\/v2\/posts\/186223","targetHints":{"allow":["GET"]}}],"collection":[{"href":"https:\/\/www.europesays.com\/fr\/wp-json\/wp\/v2\/posts"}],"about":[{"href":"https:\/\/www.europesays.com\/fr\/wp-json\/wp\/v2\/types\/post"}],"author":[{"embeddable":true,"href":"https:\/\/www.europesays.com\/fr\/wp-json\/wp\/v2\/users\/2"}],"replies":[{"embeddable":true,"href":"https:\/\/www.europesays.com\/fr\/wp-json\/wp\/v2\/comments?post=186223"}],"version-history":[{"count":0,"href":"https:\/\/www.europesays.com\/fr\/wp-json\/wp\/v2\/posts\/186223\/revisions"}],"wp:featuredmedia":[{"embeddable":true,"href":"https:\/\/www.europesays.com\/fr\/wp-json\/wp\/v2\/media\/186224"}],"wp:attachment":[{"href":"https:\/\/www.europesays.com\/fr\/wp-json\/wp\/v2\/media?parent=186223"}],"wp:term":[{"taxonomy":"category","embeddable":true,"href":"https:\/\/www.europesays.com\/fr\/wp-json\/wp\/v2\/categories?post=186223"},{"taxonomy":"post_tag","embeddable":true,"href":"https:\/\/www.europesays.com\/fr\/wp-json\/wp\/v2\/tags?post=186223"}],"curies":[{"name":"wp","href":"https:\/\/api.w.org\/{rel}","templated":true}]}}