{"id":186233,"date":"2025-06-18T16:04:11","date_gmt":"2025-06-18T16:04:11","guid":{"rendered":"https:\/\/www.europesays.com\/fr\/186233\/"},"modified":"2025-06-18T16:04:11","modified_gmt":"2025-06-18T16:04:11","slug":"incendie-pres-de-nice-les-images-impressionnantes-des-flammes-qui-ravagent-la-vegetation","status":"publish","type":"post","link":"https:\/\/www.europesays.com\/fr\/186233\/","title":{"rendered":"Incendie pr\u00e8s de Nice. Les images impressionnantes des flammes qui ravagent la v\u00e9g\u00e9tation"},"content":{"rendered":"<p>            Par<br \/>\n        <strong><br \/>\n            <a href=\"https:\/\/actu.fr\/auteur\/ugo-maillard\" title=\"Consulter tous les articles de Ugo Maillard\" rel=\"nofollow noopener\" target=\"_blank\">Ugo Maillard<\/a><br \/>\n        <\/strong><\/p>\n<p>        Publi\u00e9 le<\/p>\n<p>            18 juin 2025 \u00e0 17h40<br \/>\n        ; mis \u00e0 jour le 18 juin 2025 \u00e0 17h43    <\/p>\n<p>Depuis le milieu d\u2019apr\u00e8s-midi de ce mercredi 18\u00a0juin 2025, les sapeurs-pompiers des <a href=\"https:\/\/actu.fr\/provence-alpes-cote-d-azur\/alpes-maritimes_06\" rel=\"nofollow noopener\" target=\"_blank\">Alpes-Maritimes<\/a> luttent <strong>contre les flammes<\/strong> sur la commune de La\u00a0Trinit\u00e9. L\u2019incendie qui a <a href=\"https:\/\/actu.fr\/provence-alpes-cote-d-azur\/la-trinite_06149\/pres-de-nice-un-feu-de-vehicule-se-propage-a-la-vegetation-des-canadairs-deployes_62791037.html\" rel=\"nofollow noopener\" target=\"_blank\">d\u00e9but\u00e9 par un feu de v\u00e9hicule<\/a> sur la route de Laghet se propage actuellement \u00e0 la v\u00e9g\u00e9tation. Les fum\u00e9es au nord de Nice sont visibles depuis de nombreuses communes de la C\u00f4te d\u2019Azur. Pr\u00e8s de <strong>40 soldats du feu et une dizaine d\u2019engins terrestres<\/strong>\u00a0sont mobilis\u00e9s sur place pour limiter la propagation des flammes \u00e0 la v\u00e9g\u00e9tation.<\/p>\n<p class=\" wall-content\">D\u00e9couvrez les images impressionnantes du travail des soldats du feu face \u00e0 cet incendie.<\/p>\n<p>Des avions d\u00e9ploy\u00e9s<\/p>\n<p class=\" wall-content\">Selon les informations transmises par les sapeurs-pompiers \u00e0 <a href=\"https:\/\/actu.fr\/nice\/\" rel=\"nofollow noopener\" target=\"_blank\">actu Nice <\/a>\u00e0 17h, le feu est en phase ascendante, mais peu virulent. Des largages par le Dash, un avion des pompiers, sont en cours sur le secteur de la\u00a0Trinit\u00e9.<\/p>\n<p>    <a href=\"https:\/\/www.google.com\/maps\/embed?pb=!1m18!1m12!1m3!1d23060.05469303758!2d7.32071645500426!3d43.741570805382686!2m3!1f0!2f0!3f0!3m2!1i1024!2i768!4f13.1!3m3!1m2!1s0x12cdc486070cefb3%3A0x40819a5fd9796a0!2s06340%20La%20Trinit%C3%A9!5e0!3m2!1sfr!2sfr!4v1750260552274!5m2!1sfr!2sfr\" title=\"Ouvrie le lien\" rel=\"nofollow noopener\" target=\"_blank\">Cliquez ici pour visualiser le contenu<\/a><\/p>\n<p class=\" wall-content\">Voici les premi\u00e8res images.<\/p>\n<p class=\" wall-content\">\u00c0 noter que des canadairs sont en transit vers la zone. \u00ab\u00a0Le chantier est sectoris\u00e9 g\u00e9ographiquement en deux secteurs (gauche et droite) ainsi qu\u2019un secteur Aero pour prise en charge des vecteurs a\u00e9riens\u00a0\u00bb, pr\u00e9cisent les secours.<\/p>\n<p>Une habitation menac\u00e9e, mais aucun bless\u00e9<\/p>\n<p class=\" wall-content\">Aucune personne n\u2019est bless\u00e9e, mais les sapeurs-pompiers prot\u00e8gent actuellement une habitation menac\u00e9e par les flammes.<\/p>\n<p class=\" wall-content\">Pour ce qui est du v\u00e9hicule \u00e0 l\u2019origine de l\u2019incendie, il a \u00e9t\u00e9 totalement d\u00e9truit par les flammes.\u00a0<\/p>\n<p>    <img   decoding=\"async\" loading=\"lazy\" src=\"https:\/\/www.europesays.com\/fr\/wp-content\/uploads\/2025\/06\/vehicule-incendie-alpes-maritimes-960x640.png\" alt=\"Un v\u00e9hicule a pris feu sur la commune de la Trinit\u00e9.\" width=\"960\" height=\"640\"\/><br \/>\n    Un v\u00e9hicule a pris feu sur la commune de la Trinit\u00e9. (\u00a9SIDS06)<\/p>\n<p class=\" wall-content\">L\u2019origine du sinistre n\u2019est pas encore connue.<\/p>\n<p class=\" wall-content\">Suivez toute l\u2019actualit\u00e9 de vos villes et m\u00e9dias favoris en vous inscrivant \u00e0 <a href=\"https:\/\/moncompte.actu.fr\" title=\"D\u00e9couvez Mon Actu\" rel=\"nofollow noopener\" data-trk=\"{&quot;cta&quot;:{&quot;action&quot;:&quot;https:\\\/\\\/moncompte.actu.fr&quot;,&quot;category&quot;:&quot;mon compte&quot;,&quot;from&quot;:&quot;article footer&quot;,&quot;name&quot;:&quot;Mon actu&quot;,&quot;type&quot;:&quot;cta&quot;}}\" target=\"_blank\">Mon Actu<\/a>.<\/p>\n","protected":false},"excerpt":{"rendered":"Par Ugo Maillard Publi\u00e9 le 18 juin 2025 \u00e0 17h40 ; mis \u00e0 jour le 18 juin 2025&hellip;\n","protected":false},"author":2,"featured_media":186234,"comment_status":"","ping_status":"","sticky":false,"template":"","format":"standard","meta":{"footnotes":""},"categories":[2819],"tags":[1111,11,1777,674,118,1011,27,1310,12,2401,1311,882,25],"class_list":{"0":"post-186233","1":"post","2":"type-post","3":"status-publish","4":"format-standard","5":"has-post-thumbnail","7":"category-nice","8":"tag-actu","9":"tag-actualites","10":"tag-eu","11":"tag-europe","12":"tag-faits-divers","13":"tag-fr","14":"tag-france","15":"tag-incendie","16":"tag-news","17":"tag-nice","18":"tag-pompiers","19":"tag-provence-alpes-cote-dazur","20":"tag-republique-francaise"},"share_on_mastodon":{"url":"https:\/\/pubeurope.com\/@fr\/114705220759839600","error":""},"_links":{"self":[{"href":"https:\/\/www.europesays.com\/fr\/wp-json\/wp\/v2\/posts\/186233","targetHints":{"allow":["GET"]}}],"collection":[{"href":"https:\/\/www.europesays.com\/fr\/wp-json\/wp\/v2\/posts"}],"about":[{"href":"https:\/\/www.europesays.com\/fr\/wp-json\/wp\/v2\/types\/post"}],"author":[{"embeddable":true,"href":"https:\/\/www.europesays.com\/fr\/wp-json\/wp\/v2\/users\/2"}],"replies":[{"embeddable":true,"href":"https:\/\/www.europesays.com\/fr\/wp-json\/wp\/v2\/comments?post=186233"}],"version-history":[{"count":0,"href":"https:\/\/www.europesays.com\/fr\/wp-json\/wp\/v2\/posts\/186233\/revisions"}],"wp:featuredmedia":[{"embeddable":true,"href":"https:\/\/www.europesays.com\/fr\/wp-json\/wp\/v2\/media\/186234"}],"wp:attachment":[{"href":"https:\/\/www.europesays.com\/fr\/wp-json\/wp\/v2\/media?parent=186233"}],"wp:term":[{"taxonomy":"category","embeddable":true,"href":"https:\/\/www.europesays.com\/fr\/wp-json\/wp\/v2\/categories?post=186233"},{"taxonomy":"post_tag","embeddable":true,"href":"https:\/\/www.europesays.com\/fr\/wp-json\/wp\/v2\/tags?post=186233"}],"curies":[{"name":"wp","href":"https:\/\/api.w.org\/{rel}","templated":true}]}}