{"id":186253,"date":"2025-06-18T16:14:09","date_gmt":"2025-06-18T16:14:09","guid":{"rendered":"https:\/\/www.europesays.com\/fr\/186253\/"},"modified":"2025-06-18T16:14:09","modified_gmt":"2025-06-18T16:14:09","slug":"miss-reunion-2025-les-12-candidates-senvolent-pour-marseille","status":"publish","type":"post","link":"https:\/\/www.europesays.com\/fr\/186253\/","title":{"rendered":"Miss R\u00e9union 2025\u00a0: les 12 candidates s\u2019envolent pour Marseille\u00a0!"},"content":{"rendered":"<p>Les 12 candidates \u00e0 Miss R\u00e9union s\u2019envolent pour leur voyage de pr\u00e9paration ce mercredi soir. Au programme cette ann\u00e9e\u00a0: les Calanques, la cath\u00e9drale Notre-Dame de la Garde, peut-\u00eatre un peu de bouillabaisse, une visite au V\u00e9lodrome&#8230; direction Marseille\u00a0!<\/p>\n<p>Les valises sont pr\u00eates, les candidates aussi, alors d\u00e9collage imminent pour\u00a0Marseille. Les 12 filles ont\u00a0h\u00e2te.<\/p>\n<p>\u00ab\u00a0Je suis partie dans beaucoup de pays mais jamais \u00e0 Marseille\u00a0\u00bb, confie la candidate n\u00b01,\u00a0Hannah Mac\u00e9.<\/p>\n<p>\u00ab\u00a0J\u2019ai h\u00e2te de voir le stade V\u00e9lodrome car c\u2019est quelque chose qu\u2019on voit souvent \u00e0 la t\u00e9l\u00e9 et l\u00e0 le fait d\u2019y \u00eatre c\u2019est quelque chose d\u2019exceptionnel surtout avec les 12 candidates\u00a0\u00bb , ajoute la candidate n\u00b02,\u00a0Chlo\u00e9e B\u00e8gue.<\/p>\n<p>\u00ab\u00a0On a la chance d\u2019\u00eatre super bien entour\u00e9es, d\u2019avoir une bonne \u00e9quipe\u00a0\u00bb, nous dit la candidate n\u00b09,\u00a0Mirjana Payet.<\/p>\n<p>Leurs familles, pr\u00e9sentes \u00e0 l\u2019a\u00e9roport, sont attrist\u00e9es de leur d\u00e9part mais restent fi\u00e8res de leur fille.<\/p>\n<p>\u00ab\u00a0Je suis le papa de Swann candidate n\u00b010, je suis de tout coeur avec elle. L\u2019id\u00e9e c\u2019est qu\u2019elle vive une belle exp\u00e9rience\u00a0\u00bb, <\/p>\n<p>\u00ab\u00a0Je suis la maman de Emmanuelle Catherine-Floriant, la candidate n\u00b0\u00a07. Un tout petit peu attrist\u00e9e mais bon apr\u00e8s c\u2019est quelqu\u2019un d\u2019ind\u00e9pendante, j\u2019ai confiance en elle.\u00a0\u00bb\u00a0<\/p>\n<p>Avec les candidates, Marine Futol, Miss R\u00e9union 2024, qui a eu l\u2019occasion de participer \u00e0 ce voyage l\u2019ann\u00e9e derni\u00e8re \u00e0 Rodrigues. Elle sera l\u00e0 pour conseiller les 12 pr\u00e9tendantes \u00e0 la couronne.<\/p>\n<p>\u00ab\u00a0D\u00e9j\u00e0 c\u2019est un voyage d\u2019int\u00e9gration, donc les candidates seront amen\u00e9es \u00e0 se c\u00f4toyer tous les jours donc forc\u00e9ment \u00e7a va cr\u00e9er une coh\u00e9sion d\u2019\u00e9quipe, une coh\u00e9sion de groupe et \u00e7a va cr\u00e9er plusieurs liens d\u2019affinit\u00e9. C\u2019est surtout \u00e7a le but de ce voyage\u00a0\u00bb.\u00a0<\/p>\n<p>Mais ce voyage servira aussi \u00e0 d\u00e9couvrir la Cit\u00e9 Phoc\u00e9enne.<\/p>\n<p>\u00ab\u00a0On va visiter des sites embl\u00e9matiques de Marseille, c\u2019est-\u00e0-dire Notre-Dame de la Garde, le Vieux Port et donc pour ces jeunes filles \u00e7a va \u00eatre une belle d\u00e9couverte touristique et culturelle\u00a0\u00bb, explique Aziz Patel, pr\u00e9sident du Comit\u00e9 Miss R\u00e9union.<\/p>\n<p>Des membres de l\u2019\u00e9quipe de production d\u2019Antenne R\u00e9union les accompagnent pour filmer chaque moment de leur voyage, avec comme r\u00e9alisateur Lionel Massart.<\/p>\n<p>\u00ab\u00a0\u00c7a part de l\u2019a\u00e9roport o\u00f9 elles font des vid\u00e9os d\u2019elles en immersion et jusqu\u2019au retour m\u00eame dans l\u2019avion. On aura un d\u00e9fil\u00e9 \u00e0 l\u2019aller, on aura plein d\u2019activit\u00e9s super\u00a0sympa\u00a0\u00bb.<\/p>\n<p>Mais il faudra encore un peu de patience pour suivre leurs aventures \u00e0 Marseille. La s\u00e9rie \u00ab\u00a0Le Voyage des Miss\u00a0\u00bb sera diffus\u00e9e sur Antenne R\u00e9union du 18 au 22 ao\u00fbt.<\/p>\n","protected":false},"excerpt":{"rendered":"Les 12 candidates \u00e0 Miss R\u00e9union s\u2019envolent pour leur voyage de pr\u00e9paration ce mercredi soir. Au programme cette&hellip;\n","protected":false},"author":2,"featured_media":186254,"comment_status":"","ping_status":"","sticky":false,"template":"","format":"standard","meta":{"footnotes":""},"categories":[2814],"tags":[1111,47,11,1777,674,1011,27,6335,1922,6336,884,32412,12,6334,882,25,104],"class_list":{"0":"post-186253","1":"post","2":"type-post","3":"status-publish","4":"format-standard","5":"has-post-thumbnail","7":"category-marseille","8":"tag-actu","9":"tag-actualite","10":"tag-actualites","11":"tag-eu","12":"tag-europe","13":"tag-fr","14":"tag-france","15":"tag-home-page","16":"tag-info","17":"tag-la-reunion","18":"tag-marseille","19":"tag-miss-reunion","20":"tag-news","21":"tag-newsletter","22":"tag-provence-alpes-cote-dazur","23":"tag-republique-francaise","24":"tag-societe"},"share_on_mastodon":{"url":"https:\/\/pubeurope.com\/@fr\/114705259932145635","error":""},"_links":{"self":[{"href":"https:\/\/www.europesays.com\/fr\/wp-json\/wp\/v2\/posts\/186253","targetHints":{"allow":["GET"]}}],"collection":[{"href":"https:\/\/www.europesays.com\/fr\/wp-json\/wp\/v2\/posts"}],"about":[{"href":"https:\/\/www.europesays.com\/fr\/wp-json\/wp\/v2\/types\/post"}],"author":[{"embeddable":true,"href":"https:\/\/www.europesays.com\/fr\/wp-json\/wp\/v2\/users\/2"}],"replies":[{"embeddable":true,"href":"https:\/\/www.europesays.com\/fr\/wp-json\/wp\/v2\/comments?post=186253"}],"version-history":[{"count":0,"href":"https:\/\/www.europesays.com\/fr\/wp-json\/wp\/v2\/posts\/186253\/revisions"}],"wp:featuredmedia":[{"embeddable":true,"href":"https:\/\/www.europesays.com\/fr\/wp-json\/wp\/v2\/media\/186254"}],"wp:attachment":[{"href":"https:\/\/www.europesays.com\/fr\/wp-json\/wp\/v2\/media?parent=186253"}],"wp:term":[{"taxonomy":"category","embeddable":true,"href":"https:\/\/www.europesays.com\/fr\/wp-json\/wp\/v2\/categories?post=186253"},{"taxonomy":"post_tag","embeddable":true,"href":"https:\/\/www.europesays.com\/fr\/wp-json\/wp\/v2\/tags?post=186253"}],"curies":[{"name":"wp","href":"https:\/\/api.w.org\/{rel}","templated":true}]}}