{"id":186263,"date":"2025-06-18T16:19:09","date_gmt":"2025-06-18T16:19:09","guid":{"rendered":"https:\/\/www.europesays.com\/fr\/186263\/"},"modified":"2025-06-18T16:19:09","modified_gmt":"2025-06-18T16:19:09","slug":"cest-quoi-ce-rassemblement-qui-allume-le-parc-de-la-villette-depuis-trente-ans","status":"publish","type":"post","link":"https:\/\/www.europesays.com\/fr\/186263\/","title":{"rendered":"c&rsquo;est quoi ce rassemblement qui allume le parc de la Villette depuis trente ans\u00a0?"},"content":{"rendered":"<p>            Par<br \/>\n        <strong><br \/>\n            <a href=\"https:\/\/actu.fr\/auteur\/redaction-paris\" title=\"Consulter tous les articles de R\u00e9daction Paris\" rel=\"nofollow noopener\" target=\"_blank\">R\u00e9daction Paris<\/a><br \/>\n        <\/strong><\/p>\n<p>        Publi\u00e9 le<\/p>\n<p>            18 juin 2025 \u00e0 16h14        <\/p>\n<p>Une revendication inchang\u00e9e depuis des d\u00e9cennies. Ce mercredi 18\u00a0juin 2025, comme chaque ann\u00e9e depuis 1993, des centaines de personnes sont attendues au parc de <a href=\"https:\/\/actu.fr\/tag\/la-villette\" rel=\"nofollow noopener\" target=\"_blank\">La Villette<\/a> (<a href=\"https:\/\/actu.fr\/paris\/\" rel=\"nofollow noopener\" target=\"_blank\">Paris<\/a>, 19e) pour participer \u00e0 <strong>\u00ab\u2009l\u2019Appel du 18 joint\u2009\u00bb<\/strong>. Derri\u00e8re ce jeu de mots, cette <a href=\"https:\/\/actu.fr\/tag\/manifestations\" rel=\"nofollow noopener\" target=\"_blank\">manifestation<\/a> est une mobilisation politique en faveur de la l\u00e9galisation du cannabis. <strong>Le rendez-vous est donn\u00e9 \u00e0 partir de 18\u00a0heures<\/strong>.<\/p>\n<p>Une prohibition jug\u00e9e \u00ab\u2009inefficace\u2009\u00bb et \u00ab\u2009criminog\u00e8ne\u2009\u00bb par ses organisateurs<\/p>\n<p class=\" wall-content\">Organis\u00e9 par le Collectif d\u2019Information et de Recherche Cannabique (<strong>CIRC<\/strong>), cet \u00e9v\u00e9nement a pour objectif de d\u00e9noncer les effets de la prohibition du cannabis en France, jug\u00e9e <strong>\u00ab\u2009inefficace\u2009\u00bb <\/strong>et<strong> \u00ab\u2009criminog\u00e8ne\u2009\u00bb<\/strong> par ses organisateurs. Selon eux, les politiques actuelles de lutte contre le cannabis, notamment les op\u00e9rations polici\u00e8res de grande ampleur comme <a href=\"https:\/\/actu.fr\/ile-de-france\/saint-denis_93066\/operation-place-nette-xxl-en-ile-de-france-le-bilan-de-gerald-darmanin-dans-la-lutte-contre-la-drogue_60889413.html\" rel=\"nofollow noopener\" target=\"_blank\">\u00ab\u2009PlaceNette XXL\u2009\u00bb<\/a>, renforcent les tensions sans r\u00e9soudre les probl\u00e8mes li\u00e9s au trafic et \u00e0 la consommation.<\/p>\n<p class=\" wall-content\">Le CIRC rappelle que plus d\u2019un million de personnes consomment r\u00e9guli\u00e8rement du cannabis en France, <strong>parmi eux des jeunes<\/strong>, mais aussi des adultes ins\u00e9r\u00e9s socialement. Ces derniers rappellent que la tendance est \u00e0 l\u2019assouplissement dans d\u2019autres pays d\u2019Europe. \u00ab\u2009La France se distingue en menant une guerre impitoyable contre les consommateurs\u2009\u00bb, d\u00e9nonce-t-il.<\/p>\n<blockquote class=\"ac-article-quote wall-content\">\n<p>\u00ab\u00a0Il est temps de briser le silence et de sortir de la clandestinit\u00e9 impos\u00e9e. Nous ne sommes pas des criminels, nous sommes des citoyens victimes d\u2019une politique absurde et inefficace. Le gouvernement doit cesser de nous prendre pour des irresponsables ou des idiots\u00a0\u00bb<\/p>\n<p>    <strong>Collectif d\u2019Information et de Recherche Cannabique<\/strong><br \/>\n        Organisation qui milite pour la l\u00e9galisation du cannabis en France    <\/p><\/blockquote>\n<p>Un autre rassemblement interdit<\/p>\n<p class=\" wall-content\">En France, <a href=\"https:\/\/actu.fr\/societe\/le-gouvernement-dit-oui-pour-legaliser-le-cannabis-therapeutique-mais-ce-n-est-pas-encore-fait_62396457.html\" rel=\"nofollow noopener\" target=\"_blank\">la ligne reste dure<\/a>. Les organisateurs d\u00e9noncent une \u00ab\u2009guerre contre les consommateurs\u2009\u00bb et appellent \u00e0 <strong>une l\u00e9galisation compl\u00e8te<\/strong>, incluant la production, la distribution, l\u2019usage r\u00e9cr\u00e9atif et th\u00e9rapeutique, ainsi que le droit \u00e0 l\u2019autoproduction. Ils demandent aussi la <strong>d\u00e9p\u00e9nalisation de l\u2019usage de toutes les drogues<\/strong>, dans une logique de sant\u00e9 publique.<\/p>\n<p>Vid\u00e9os : en ce moment sur Actu<\/p>\n<p class=\" wall-content\">En parall\u00e8le, un autre rassemblement pr\u00e9vu <a href=\"https:\/\/actu.fr\/ile-de-france\/paris_75056\/paris-un-homme-tombe-du-toit-du-pantheon-intervention-en-cours-des-secours-et-de-la-police_62620562.html\" rel=\"nofollow noopener\" target=\"_blank\">place du Panth\u00e9on<\/a> (<strong>5e<\/strong>) a \u00e9t\u00e9 interdit par la <a href=\"https:\/\/actu.fr\/tag\/prefecture-de-police-de-paris\" rel=\"nofollow noopener\" target=\"_blank\">pr\u00e9fecture de police<\/a>. Le CIRC accuse ses organisateurs d\u2019avoir repris les codes de \u00ab\u2009l\u2019Appel du 18 joint\u2009\u00bb. <strong>\u00ab\u2009Cette confusion affaiblit la visibilit\u00e9 de notre combat\u2009\u00bb<\/strong>, d\u00e9plore le collectif, qui appelle \u00e0 une mobilisation massive \u00e0 La Villette, ce soir, pour \u00ab\u2009r\u00e9affirmer l\u2019unit\u00e9 et la coh\u00e9rence\u2009\u00bb de leur d\u00e9marche.<\/p>\n<p class=\" wall-content\">Suivez toute l\u2019actualit\u00e9 de vos villes et m\u00e9dias favoris en vous inscrivant \u00e0 <a href=\"https:\/\/moncompte.actu.fr\" title=\"D\u00e9couvez Mon Actu\" rel=\"nofollow noopener\" data-trk=\"{&quot;cta&quot;:{&quot;action&quot;:&quot;https:\\\/\\\/moncompte.actu.fr&quot;,&quot;category&quot;:&quot;mon compte&quot;,&quot;from&quot;:&quot;article footer&quot;,&quot;name&quot;:&quot;Mon actu&quot;,&quot;type&quot;:&quot;cta&quot;}}\" target=\"_blank\">Mon Actu<\/a>.<\/p>\n","protected":false},"excerpt":{"rendered":"Par R\u00e9daction Paris Publi\u00e9 le 18 juin 2025 \u00e0 16h14 Une revendication inchang\u00e9e depuis des d\u00e9cennies. Ce mercredi&hellip;\n","protected":false},"author":2,"featured_media":186264,"comment_status":"","ping_status":"","sticky":false,"template":"","format":"standard","meta":{"footnotes":""},"categories":[1888],"tags":[1111,1928,11,1927,1777,674,1011,27,5281,1272,12,1926,9711,626,1925,25,104],"class_list":{"0":"post-186263","1":"post","2":"type-post","3":"status-publish","4":"format-standard","5":"has-post-thumbnail","7":"category-paris","8":"tag-actu","9":"tag-actu-paris","10":"tag-actualites","11":"tag-actualites-paris","12":"tag-eu","13":"tag-europe","14":"tag-fr","15":"tag-france","16":"tag-la-villette","17":"tag-manifestations","18":"tag-news","19":"tag-news-paris","20":"tag-pantheon","21":"tag-paris","22":"tag-paris-news","23":"tag-republique-francaise","24":"tag-societe"},"share_on_mastodon":{"url":"https:\/\/pubeurope.com\/@fr\/114705279460353180","error":""},"_links":{"self":[{"href":"https:\/\/www.europesays.com\/fr\/wp-json\/wp\/v2\/posts\/186263","targetHints":{"allow":["GET"]}}],"collection":[{"href":"https:\/\/www.europesays.com\/fr\/wp-json\/wp\/v2\/posts"}],"about":[{"href":"https:\/\/www.europesays.com\/fr\/wp-json\/wp\/v2\/types\/post"}],"author":[{"embeddable":true,"href":"https:\/\/www.europesays.com\/fr\/wp-json\/wp\/v2\/users\/2"}],"replies":[{"embeddable":true,"href":"https:\/\/www.europesays.com\/fr\/wp-json\/wp\/v2\/comments?post=186263"}],"version-history":[{"count":0,"href":"https:\/\/www.europesays.com\/fr\/wp-json\/wp\/v2\/posts\/186263\/revisions"}],"wp:featuredmedia":[{"embeddable":true,"href":"https:\/\/www.europesays.com\/fr\/wp-json\/wp\/v2\/media\/186264"}],"wp:attachment":[{"href":"https:\/\/www.europesays.com\/fr\/wp-json\/wp\/v2\/media?parent=186263"}],"wp:term":[{"taxonomy":"category","embeddable":true,"href":"https:\/\/www.europesays.com\/fr\/wp-json\/wp\/v2\/categories?post=186263"},{"taxonomy":"post_tag","embeddable":true,"href":"https:\/\/www.europesays.com\/fr\/wp-json\/wp\/v2\/tags?post=186263"}],"curies":[{"name":"wp","href":"https:\/\/api.w.org\/{rel}","templated":true}]}}