{"id":186265,"date":"2025-06-18T16:20:11","date_gmt":"2025-06-18T16:20:11","guid":{"rendered":"https:\/\/www.europesays.com\/fr\/186265\/"},"modified":"2025-06-18T16:20:11","modified_gmt":"2025-06-18T16:20:11","slug":"face-aux-canicules-comment-leau-froide-de-la-seine-rafraichit-paris","status":"publish","type":"post","link":"https:\/\/www.europesays.com\/fr\/186265\/","title":{"rendered":"Face aux canicules, comment l&rsquo;eau froide de la Seine rafra\u00eechit Paris"},"content":{"rendered":"<p>Le weekend prochain, qui s&rsquo;annonce chaud \u00e0 Paris, un d\u00e9dale de tuyaux color\u00e9s \u0153uvrera \u00e0 marche forc\u00e9e sous les quais de la Seine: depuis 1991, l&rsquo;eau du fleuve est pomp\u00e9e pour cr\u00e9er du froid dans plus de 800 b\u00e2timents parisiens, dont le Louvre, un syst\u00e8me encore peu d\u00e9velopp\u00e9 dans le monde.<\/p>\n<p>\u00ab\u00a0Mais c&rsquo;est comme dans Batman!\u00a0\u00bb s&rsquo;exclame un passant du tr\u00e8s chic et touristique 8e arrondissement de Paris, au moment o\u00f9 une plaque aux allures de bouche d&rsquo;\u00e9gout se soul\u00e8ve lentement, d\u00e9voilant un escalier en colima\u00e7on vers les profondeurs.<\/p>\n<p>Plusieurs dizaines de m\u00e8tres plus bas s&rsquo;\u00e9tend le plus grand r\u00e9seau de froid d&rsquo;Europe.<\/p>\n<p>Ce type de syst\u00e8me est ancien: le si\u00e8ge de l&rsquo;ONU \u00e0 New York se refroidit avec l&rsquo;East River depuis les ann\u00e9es 1950. Mais il n\u00e9cessite tant de planification urbaine et de travaux qu&rsquo;il reste rare. La France n&rsquo;en comptait qu&rsquo;une quarantaine en 2023.<\/p>\n<p>Le proc\u00e9d\u00e9 est le m\u00eame que pour un r\u00e9seau de chauffage urbain mais agit de mani\u00e8re invers\u00e9e, via un syst\u00e8me d&rsquo;\u00e9changeur thermique entre les canalisations du r\u00e9seau de froid et celles du r\u00e9seau interne du b\u00e2timent.<\/p>\n<p>Mais contrairement \u00e0 la climatisation conventionnelle, il ne rejette pas d&rsquo;air chaud dans les rues, et offre d&rsquo;importants gains de consommation \u00e9nerg\u00e9tique (-50%), d&rsquo;eau (-65%), d&rsquo;utilisation de produits chimiques (-80%) et d&rsquo;\u00e9missions de CO2 (-50%), indique Fra\u00eecheur de Paris, une soci\u00e9t\u00e9 cod\u00e9tenue par Engie, qui g\u00e8re une centaine de r\u00e9seaux de froid \u00e0 l&rsquo;\u00e9tranger dont Barcelone, Singapour et Duba\u00ef, et la RATP.<\/p>\n<p>&#8211; \u00ab\u00a0Maladaptations\u00a0\u00bb &#8211;<\/p>\n<p>\u00ab\u00a0Avec les thermom\u00e8tres qui s&rsquo;envolent, les villes ont besoin (&#8230;) de remplacer les solutions autonomes\u00a0\u00bb comme les climatiseurs individuels, qui contribuent \u00e0 r\u00e9chauffer encore davantage l&rsquo;atmosph\u00e8re et sont \u00ab\u00a0des maladaptations\u00a0\u00bb, explique Rapha\u00eblle Nayral, secr\u00e9taire g\u00e9n\u00e9rale de Fra\u00eecheur de Paris.<\/p>\n<p>\u00ab\u00a0\u00c0 Paris, o\u00f9 les vagues de chaleur pourraient faire monter le thermom\u00e8tre jusqu&rsquo;\u00e0 50\u00b0C en 2050, si on n&rsquo;offre pas d&rsquo;alternatives\u00a0\u00bb \u00e0 la climatisation, \u00ab\u00a0on rendra cette ville compl\u00e8tement inhabitable\u00a0\u00bb, dit-elle.<\/p>\n<p>Dans des zones fortement \u00e9quip\u00e9es en climatisations, les \u00e9tudes montrent qu&rsquo;elles peuvent augmenter de l&rsquo;ordre de 0,5 degr\u00e9 la chaleur des centres urbains, avec des projections jusqu&rsquo;\u00e0 +2 \u00e0 3\u00b0C si le taux d&rsquo;\u00e9quipement continue de progresser. Elles repr\u00e9sentent par ailleurs 7% des \u00e9missions mondiales de gaz \u00e0 effet de serre, selon l&rsquo;ONU, notamment car les gaz r\u00e9frig\u00e9rants, tr\u00e8s r\u00e9chauffants pour l&rsquo;atmosph\u00e8re, ont tendance \u00e0 fuir.<\/p>\n<p>Les 12 centrales de production de froid \u00e0 Paris envoient, via 110 km de conduites souterraines, de l&rsquo;eau refroidie \u00e0 environ 4\u00b0C vers les 867 sites abonn\u00e9s, dont l&rsquo;Assembl\u00e9e nationale.<\/p>\n<p>L&rsquo;\u00e9t\u00e9, la Seine sert de refroidisseur naturel aux \u00ab\u00a0groupes froid\u00a0\u00bb des immeubles. Et quand sa temp\u00e9rature est inf\u00e9rieure \u00e0 8-10\u00b0C, le simple \u00e9change thermique avec le fleuve permet de rafra\u00eechir directement le r\u00e9seau de distribution, ce qui reste utile en hiver aux salles de serveur ou aux centres commerciaux.<\/p>\n<p>&#8211; Le \u00ab\u00a0chant de la Seine\u00a0\u00bb &#8211;<\/p>\n<p>Dans la station du 8e arrondissement, \u00e9tendue sur 4 \u00e9tages et 30 m\u00e8tres de profondeur, l&rsquo;eau pomp\u00e9e dans la Seine circule dans un r\u00e9seau de cuves noires et de gros tuyaux verts dans un vacarme strident.<\/p>\n<p>\u00ab\u00a0C&rsquo;est un peu le chant de la Seine qu&rsquo;on entend\u00a0\u00bb, note en souriant Mme Raynal, au milieu du vrombissement des compresseurs.<\/p>\n<p>Le processus est soumis \u00e0 de nombreuses normes: l&rsquo;eau de la Seine ne doit jamais entrer en contact direct avec celle des circuits de refroidissement et ne doit pas \u00eatre rejet\u00e9e dans le milieu naturel s&rsquo;il y a plus de 5\u00b0C d&rsquo;\u00e9cart\u00a0avec le fleuve, pour ne pas augmenter sa temp\u00e9rature et endommager\u00a0son \u00e9cosyst\u00e8me.<\/p>\n<p>\u00c0 Paris, ce r\u00e9seau de froid dessert principalement des b\u00e2timents tertiaires (bureaux, grands magasins, mus\u00e9es, salles de spectacles, etc.).<\/p>\n<p>Mais l&rsquo;id\u00e9e est de l&rsquo;\u00e9tendre \u00e0 des maisons de retraite, \u00e9coles ou cr\u00e8ches.<\/p>\n<p>\u00ab\u00a0On a un premier h\u00f4pital, celui des Quinze-Vingt, qui vient d&rsquo;\u00eatre raccord\u00e9. D&rsquo;ici 2042, le r\u00e9seau devrait \u00eatre plus que doubl\u00e9, avec 245 km de r\u00e9seaux de distribution (&#8230;) pour offrir de nouvelles coques de fra\u00eecheur quand la ville est en surchauffe\u00a0\u00bb, explique Mme Nayral.<\/p>\n<p>Pour les particuliers, cela sera \u00ab\u00a0\u00e0 plus long terme\u00a0\u00bb, en raison des multiples r\u00e9novations n\u00e9cessaires pour raccorder les immeubles d&rsquo;habitation au r\u00e9seau.<\/p>\n<p>dep\/jmi\/ico\/abl<\/p>\n","protected":false},"excerpt":{"rendered":"Le weekend prochain, qui s&rsquo;annonce chaud \u00e0 Paris, un d\u00e9dale de tuyaux color\u00e9s \u0153uvrera \u00e0 marche forc\u00e9e sous&hellip;\n","protected":false},"author":2,"featured_media":186266,"comment_status":"","ping_status":"","sticky":false,"template":"","format":"standard","meta":{"footnotes":""},"categories":[1888],"tags":[20606,1111,1928,11,1927,1777,674,1011,27,32414,5353,12,1926,626,1925,32413,25,32415],"class_list":{"0":"post-186265","1":"post","2":"type-post","3":"status-publish","4":"format-standard","5":"has-post-thumbnail","7":"category-paris","8":"tag-8e-arrondissement-de-paris","9":"tag-actu","10":"tag-actu-paris","11":"tag-actualites","12":"tag-actualites-paris","13":"tag-eu","14":"tag-europe","15":"tag-fr","16":"tag-france","17":"tag-la-climatisation","18":"tag-la-seine","19":"tag-news","20":"tag-news-paris","21":"tag-paris","22":"tag-paris-news","23":"tag-production-de-froid","24":"tag-republique-francaise","25":"tag-reseau-de-distribution"},"share_on_mastodon":{"url":"https:\/\/pubeurope.com\/@fr\/114705283414125710","error":""},"_links":{"self":[{"href":"https:\/\/www.europesays.com\/fr\/wp-json\/wp\/v2\/posts\/186265","targetHints":{"allow":["GET"]}}],"collection":[{"href":"https:\/\/www.europesays.com\/fr\/wp-json\/wp\/v2\/posts"}],"about":[{"href":"https:\/\/www.europesays.com\/fr\/wp-json\/wp\/v2\/types\/post"}],"author":[{"embeddable":true,"href":"https:\/\/www.europesays.com\/fr\/wp-json\/wp\/v2\/users\/2"}],"replies":[{"embeddable":true,"href":"https:\/\/www.europesays.com\/fr\/wp-json\/wp\/v2\/comments?post=186265"}],"version-history":[{"count":0,"href":"https:\/\/www.europesays.com\/fr\/wp-json\/wp\/v2\/posts\/186265\/revisions"}],"wp:featuredmedia":[{"embeddable":true,"href":"https:\/\/www.europesays.com\/fr\/wp-json\/wp\/v2\/media\/186266"}],"wp:attachment":[{"href":"https:\/\/www.europesays.com\/fr\/wp-json\/wp\/v2\/media?parent=186265"}],"wp:term":[{"taxonomy":"category","embeddable":true,"href":"https:\/\/www.europesays.com\/fr\/wp-json\/wp\/v2\/categories?post=186265"},{"taxonomy":"post_tag","embeddable":true,"href":"https:\/\/www.europesays.com\/fr\/wp-json\/wp\/v2\/tags?post=186265"}],"curies":[{"name":"wp","href":"https:\/\/api.w.org\/{rel}","templated":true}]}}