{"id":186273,"date":"2025-06-18T16:24:11","date_gmt":"2025-06-18T16:24:11","guid":{"rendered":"https:\/\/www.europesays.com\/fr\/186273\/"},"modified":"2025-06-18T16:24:11","modified_gmt":"2025-06-18T16:24:11","slug":"samedi-le-film-sherlock-junior-sera-projete-et-mis-en-musique-au-relecq-kerhuon-au-profit-de-bretagne-ukraine","status":"publish","type":"post","link":"https:\/\/www.europesays.com\/fr\/186273\/","title":{"rendered":"Samedi, le film \u00ab\u00a0Sherlock Junior\u00a0\u00bb sera projet\u00e9 et mis en musique au\u00a0Relecq-Kerhuon, au profit de Bretagne Ukraine"},"content":{"rendered":"<p>Le samedi 21 juin 2025, le centre socioculturel Jean-Jacolot du Relecq-Kerhuon accueillera pour la deuxi\u00e8me fois un film-concert. \u00ab\u00a0Cette ann\u00e9e, nous avons choisi \u00ab\u00a0Sherlock Junior\u00a0\u00bb de Buster Keaton, un film en noir et blanc muet de 1924\u00a0\u00bb, indique Didier Le Roux, le directeur de Film et culture, partenaire de Bretagne Ukraine dans le projet de film-concert. La mise en musique se fera en direct par Elena Kozyr. \u00ab\u00a0Je me suis inspir\u00e9e du film pour cr\u00e9er mes morceaux au piano et, cette fois, j\u2019y ai ajout\u00e9 des percussions\u00a0: j\u2019ai ainsi cr\u00e9\u00e9 une trentaine de morceaux. J\u2019ai donn\u00e9 une identit\u00e9 musicale \u00e0 chaque personnage du film\u00a0\u00bb, pr\u00e9cise la pianiste, en ajoutant qu\u2019elle s\u2019est \u00e9galement inspir\u00e9e de registres connus comme celui de Bach ou d\u2019Haendel, ou encore de la bande originale de la s\u00e9rie t\u00e9l\u00e9vis\u00e9e d\u2019animation \u00ab\u00a0Inspecteur Gadget\u00a0\u00bb, qu\u2019elle a adapt\u00e9e aux images.<\/p>\n<p>Des envois de mat\u00e9riel vers l\u2019Ukraine<\/p>\n<p>La recette de ce film-concert sera revers\u00e9e au b\u00e9n\u00e9fice de l\u2019association Bretagne Ukraine. \u00ab\u00a0Tous les mois, nous envoyons au moins 150 kg de diff\u00e9rentes sortes de mat\u00e9riel pour aider l\u2019Ukraine. Ce que nous envoyons est fonction des demandes que nous fait une fondation bas\u00e9e l\u00e0-bas. Il nous arrive donc de faire parvenir des vitamines, du lait maternel ou encore des fournitures scolaires, c\u2019est tr\u00e8s vari\u00e9. Et nous continuerons jusqu\u2019\u00e0 ce que la guerre s\u2019arr\u00eate\u00a0\u00bb, conclut Elena Kozyr.<\/p>\n<p>Pratique<\/p>\n<p class=\"note\">Participation au chapeau.<\/p>\n","protected":false},"excerpt":{"rendered":"Le samedi 21 juin 2025, le centre socioculturel Jean-Jacolot du Relecq-Kerhuon accueillera pour la deuxi\u00e8me fois un film-concert.&hellip;\n","protected":false},"author":2,"featured_media":186274,"comment_status":"","ping_status":"","sticky":false,"template":"","format":"standard","meta":{"footnotes":""},"categories":[1590],"tags":[11,650,251,1777,674,131,11202,12,11880,220],"class_list":{"0":"post-186273","1":"post","2":"type-post","3":"status-publish","4":"format-standard","5":"has-post-thumbnail","7":"category-ukraine","8":"tag-actualites","9":"tag-cinema","10":"tag-culture","11":"tag-eu","12":"tag-europe","13":"tag-guerre-en-ukraine","14":"tag-le-relecq-kerhuon","15":"tag-news","16":"tag-solidarite-ukraine","17":"tag-ukraine"},"share_on_mastodon":{"url":"https:\/\/pubeurope.com\/@fr\/114705299188025961","error":""},"_links":{"self":[{"href":"https:\/\/www.europesays.com\/fr\/wp-json\/wp\/v2\/posts\/186273","targetHints":{"allow":["GET"]}}],"collection":[{"href":"https:\/\/www.europesays.com\/fr\/wp-json\/wp\/v2\/posts"}],"about":[{"href":"https:\/\/www.europesays.com\/fr\/wp-json\/wp\/v2\/types\/post"}],"author":[{"embeddable":true,"href":"https:\/\/www.europesays.com\/fr\/wp-json\/wp\/v2\/users\/2"}],"replies":[{"embeddable":true,"href":"https:\/\/www.europesays.com\/fr\/wp-json\/wp\/v2\/comments?post=186273"}],"version-history":[{"count":0,"href":"https:\/\/www.europesays.com\/fr\/wp-json\/wp\/v2\/posts\/186273\/revisions"}],"wp:featuredmedia":[{"embeddable":true,"href":"https:\/\/www.europesays.com\/fr\/wp-json\/wp\/v2\/media\/186274"}],"wp:attachment":[{"href":"https:\/\/www.europesays.com\/fr\/wp-json\/wp\/v2\/media?parent=186273"}],"wp:term":[{"taxonomy":"category","embeddable":true,"href":"https:\/\/www.europesays.com\/fr\/wp-json\/wp\/v2\/categories?post=186273"},{"taxonomy":"post_tag","embeddable":true,"href":"https:\/\/www.europesays.com\/fr\/wp-json\/wp\/v2\/tags?post=186273"}],"curies":[{"name":"wp","href":"https:\/\/api.w.org\/{rel}","templated":true}]}}