{"id":186279,"date":"2025-06-18T16:27:16","date_gmt":"2025-06-18T16:27:16","guid":{"rendered":"https:\/\/www.europesays.com\/fr\/186279\/"},"modified":"2025-06-18T16:27:16","modified_gmt":"2025-06-18T16:27:16","slug":"allemagne-le-reveil-de-la-croissance","status":"publish","type":"post","link":"https:\/\/www.europesays.com\/fr\/186279\/","title":{"rendered":"Allemagne : le r\u00e9veil de la croissance"},"content":{"rendered":"<p>L\u2019Allemagne, qui depuis cinq ans est la lanterne rouge de l\u2019Europe sur le plan \u00e9conomique, pourra bient\u00f4t devenir sa locomotive. Le 12 juin, trois des principaux instituts \u00e9conomiques d\u2019outre-Rhin, l\u2019ifo de Munich, l\u2019IfW de Kiel et le RWI d\u2019Essen, ont r\u00e9vis\u00e9 \u00e0 la hausse leurs pr\u00e9visions de croissance. Ils tablent sur une progression de 0,3 % cette ann\u00e9e, alors qu\u2019ils attendaient auparavant une poursuite de la r\u00e9cession. Et pour 2026, ils pr\u00e9voient une hausse d\u2019au moins 1,5 % du PIB allemand. <\/p>\n<p>Cette embellie serait la cons\u00e9quence des mesures de relance du gouvernement de coalition CDU\/SPD dirig\u00e9 par Friedrich Merz, aux commandes depuis le 6 mai dernier. La majorit\u00e9 au pouvoir avait d\u00e9j\u00e0 ent\u00e9rin\u00e9, le 18 mars, un projet de hausse massive des d\u00e9penses publiques, consacr\u00e9es \u00e0 la r\u00e9novation des infrastructures du pays, ainsi qu\u2019\u00e0 <a href=\"https:\/\/www.lerevenu.com\/reussir-bourse\/avis-des-pros\/allemagne-revolution-budgetaire\/\" rel=\"nofollow noopener\" target=\"_blank\">un ambitieux programme de r\u00e9armement<\/a>. <\/p>\n<p>En outre, elle entend mettre en \u0153uvre un train de r\u00e9formes pour am\u00e9liorer la comp\u00e9titivit\u00e9 des entreprises, qui passe notamment par l\u2019all\u00e9gement des charges administratives et la simplification des r\u00e9glementations. <\/p>\n<p>De m\u00eame, un programme d\u2019all\u00e9gements fiscaux de 46 milliards d\u2019euros en faveur des soci\u00e9t\u00e9s a \u00e9t\u00e9 approuv\u00e9, le 4 juin, afin de stimuler les investissements priv\u00e9s.<\/p>\n<p>P\u00e9nurie de main-d\u2019\u0153uvre<\/p>\n<p>Dans ce contexte d\u2019augmentation massive des d\u00e9penses, les difficult\u00e9s rencontr\u00e9es par les industriels allemands pourraient \u00eatre r\u00e9solues par \u00ab une redistribution des capacit\u00e9s productives des secteurs en crise vers l\u2019industrie de la d\u00e9fense \u00bb, indique la banque Natixis. Dans ce dernier secteur, les d\u00e9penses pourraient atteindre 3,5 % du PIB \u00e0 l\u2019horizon de 2028, contre 2,1 % l\u2019ann\u00e9e derni\u00e8re. <\/p>\n<p>Le pays pourrait ainsi \u00ab r\u00e9aliser des restructurations \u00e0 co\u00fbt r\u00e9duit \u00bb, en maximisant l\u2019utilisation de son appareil industriel, avec une productivit\u00e9 accrue, tout en pr\u00e9servant l\u2019\u00e9quilibre du march\u00e9 du travail, explique la banque.<\/p>\n<p>Ce march\u00e9 est cependant confront\u00e9 au vieillissement d\u00e9mographique : la population \u00e2g\u00e9e d\u2019au moins 68 ans augmentera de 1,7 million d\u2019ici \u00e0 2029, tandis que le nombre de personnes entre 15 et 67 ans diminuera de 400.000, m\u00eame avec l\u2019apport de l\u2019immigration. <\/p>\n<p>La relance doit donc \u00eatre accompagn\u00e9e de mesures visant \u00e0 combler la p\u00e9nurie de main-d\u2019\u0153uvre qualifi\u00e9e, souligne l\u2019OCDE dans un rapport consacr\u00e9 \u00e0 l\u2019\u00e9conomie allemande, publi\u00e9 le 12 juin. L\u2019organisation pr\u00e9conise d\u2019am\u00e9liorer les incitations au travail des femmes et des seniors, de r\u00e9duire les obstacles \u00e0 l\u2019immigration qualifi\u00e9e et de renforcer encore davantage les politiques d\u2019\u00e9ducation et de formation.<\/p>\n<p>Financement incertain<\/p>\n<p>Le vieillissement de la population engendre, en outre, des \u00ab pressions croissantes \u00bb en mati\u00e8re de d\u00e9penses publiques, ce qui rend \u00ab incertain \u00bb le financement des mesures de relance, souligne l\u2019OCDE. \u00c0 cet \u00e9gard, \u00ab supprimer progressivement les incitations financi\u00e8res \u00e0 la retraite anticip\u00e9e, tout en am\u00e9liorant les conditions de travail des seniors, contribuerait \u00e0 stabiliser le syst\u00e8me de retraite \u00bb. <\/p>\n<p>Mais dans le cas o\u00f9 les autorit\u00e9s de Berlin n\u2019engageraient pas une r\u00e9forme du syst\u00e8me de protection sociale, en particulier d\u2019assurance vieillesse, en incitant les actifs \u00e0 travailler plus longtemps, la dette publique pourrait gonfler jusqu\u2019\u00e0 atteindre 128 % du PIB en 2045. Soit davantage que la France (113 %) en 2024.<\/p>\n","protected":false},"excerpt":{"rendered":"L\u2019Allemagne, qui depuis cinq ans est la lanterne rouge de l\u2019Europe sur le plan \u00e9conomique, pourra bient\u00f4t devenir&hellip;\n","protected":false},"author":2,"featured_media":186280,"comment_status":"","ping_status":"","sticky":false,"template":"","format":"standard","meta":{"footnotes":""},"categories":[1587],"tags":[11,672,1804,1805,1803,1777,674,1801,12,1802],"class_list":{"0":"post-186279","1":"post","2":"type-post","3":"status-publish","4":"format-standard","5":"has-post-thumbnail","7":"category-allemagne","8":"tag-actualites","9":"tag-allemagne","10":"tag-bundesrepublik-deutschland","11":"tag-de","12":"tag-deutschland","13":"tag-eu","14":"tag-europe","15":"tag-germany","16":"tag-news","17":"tag-republique-federale-dallemagne"},"share_on_mastodon":{"url":"https:\/\/pubeurope.com\/@fr\/114705310899438719","error":""},"_links":{"self":[{"href":"https:\/\/www.europesays.com\/fr\/wp-json\/wp\/v2\/posts\/186279","targetHints":{"allow":["GET"]}}],"collection":[{"href":"https:\/\/www.europesays.com\/fr\/wp-json\/wp\/v2\/posts"}],"about":[{"href":"https:\/\/www.europesays.com\/fr\/wp-json\/wp\/v2\/types\/post"}],"author":[{"embeddable":true,"href":"https:\/\/www.europesays.com\/fr\/wp-json\/wp\/v2\/users\/2"}],"replies":[{"embeddable":true,"href":"https:\/\/www.europesays.com\/fr\/wp-json\/wp\/v2\/comments?post=186279"}],"version-history":[{"count":0,"href":"https:\/\/www.europesays.com\/fr\/wp-json\/wp\/v2\/posts\/186279\/revisions"}],"wp:featuredmedia":[{"embeddable":true,"href":"https:\/\/www.europesays.com\/fr\/wp-json\/wp\/v2\/media\/186280"}],"wp:attachment":[{"href":"https:\/\/www.europesays.com\/fr\/wp-json\/wp\/v2\/media?parent=186279"}],"wp:term":[{"taxonomy":"category","embeddable":true,"href":"https:\/\/www.europesays.com\/fr\/wp-json\/wp\/v2\/categories?post=186279"},{"taxonomy":"post_tag","embeddable":true,"href":"https:\/\/www.europesays.com\/fr\/wp-json\/wp\/v2\/tags?post=186279"}],"curies":[{"name":"wp","href":"https:\/\/api.w.org\/{rel}","templated":true}]}}