{"id":186281,"date":"2025-06-18T16:28:10","date_gmt":"2025-06-18T16:28:10","guid":{"rendered":"https:\/\/www.europesays.com\/fr\/186281\/"},"modified":"2025-06-18T16:28:10","modified_gmt":"2025-06-18T16:28:10","slug":"leurope-pourrait-elle-attirer-les-meilleurs-chercheurs-americains","status":"publish","type":"post","link":"https:\/\/www.europesays.com\/fr\/186281\/","title":{"rendered":"L&rsquo;Europe pourrait-elle attirer les meilleurs chercheurs am\u00e9ricains\u00a0?"},"content":{"rendered":"<p><img decoding=\"async\" class=\"c-ad__placeholder__logo\" src=\"https:\/\/static.euronews.com\/website\/images\/logos\/logo-euronews-grey-6-180x22.svg\" width=\"180\" height=\"22\" alt=\"\" loading=\"lazy\"\/>PUBLICIT\u00c9<\/p>\n<p>Les d\u00e9penses du gouvernement am\u00e9ricain en mati\u00e8re de recherche dans le domaine de la sant\u00e9 ont atteint leur niveau le plus bas depuis dix ans, ce qui oblige les universit\u00e9s \u00e0 puiser dans leurs \u00e9conomies et nuit aux entreprises qui vendent des fournitures de laboratoire.<\/p>\n<p>Les chercheurs qui s&rsquo;int\u00e9ressaient \u00e0 la sant\u00e9 mondiale, \u00e0 la race, \u00e0 l&rsquo;identit\u00e9 sexuelle, au changement climatique et \u00e0 des sujets li\u00e9s \u00e0 la diversit\u00e9, \u00e0 l&rsquo;\u00e9quit\u00e9 et \u00e0 l&rsquo;inclusion ont \u00e9galement vu leurs subventions supprim\u00e9es.<\/p>\n<p>Dans un sondage r\u00e9alis\u00e9 par Nature, les trois quarts des personnes interrog\u00e9es bas\u00e9es aux \u00c9tats-Unis ont envisag\u00e9 de quitter le pays, ce qui a donn\u00e9 \u00e0 l&rsquo;Union europ\u00e9enne l&rsquo;occasion d&rsquo;attirer des chercheurs am\u00e9ricains.<\/p>\n<p>\u00ab\u00a0Nous pensons que la diversit\u00e9 est un atout pour l&rsquo;humanit\u00e9 et le moteur de la science. C&rsquo;est l&rsquo;un des biens mondiaux les plus pr\u00e9cieux et il doit \u00eatre prot\u00e9g\u00e9\u00a0\u00bb, a d\u00e9clar\u00e9 la pr\u00e9sidente de la Commission europ\u00e9enne, Ursula von der Leyen, dans un discours prononc\u00e9 en mai \u00e0 l&rsquo;universit\u00e9 de la Sorbonne, \u00e0 Paris.<\/p>\n<p>En 2024, les \u00c9tats-Unis repr\u00e9senteront 36 % des chercheurs les plus cit\u00e9s, contre 21 % pour la Chine et 19 % pour l&rsquo;Union europ\u00e9enne (y compris la Suisse et la Norv\u00e8ge), selon une analyse de Bruegel.<\/p>\n<p>Si l&rsquo;UE conserve une part importante de ses propres talents, elle contribue \u00e9galement de mani\u00e8re substantielle \u00e0 la mobilit\u00e9 mondiale des chercheurs de haut niveau, en particulier vers les \u00c9tats-Unis.<\/p>\n<p>Parmi les chercheurs am\u00e9ricains les plus cit\u00e9s \u00e0 Harvard, Princeton, l&rsquo;universit\u00e9 de Pennsylvanie et Columbia, 7,7 % ont obtenu leur doctorat dans l&rsquo;UE.<\/p>\n<p>Une grande partie des chercheurs de haut niveau bas\u00e9s aux \u00c9tats-Unis ont \u00e9galement re\u00e7u une \u00e9ducation internationale, 24 % des chercheurs de haut niveau bas\u00e9s aux \u00c9tats-Unis ayant \u00e9t\u00e9 enti\u00e8rement form\u00e9s \u00e0 l&rsquo;\u00e9tranger.<\/p>\n<p>Quels sont les facteurs attractifs pour les chercheurs ?<\/p>\n<p>Les liens familiaux, les projets de vie personnels et les perspectives de carri\u00e8re figurent parmi les facteurs qui peuvent persuader les chercheurs de changer de pays.<\/p>\n<p>Toutefois, l&rsquo;\u00e9cart de salaire entre les universitaires am\u00e9ricains et ceux de l&rsquo;Union europ\u00e9enne reste important.<\/p>\n<p>Un chercheur de haut niveau \u00e0 une universit\u00e9 de Californie peut gagner entre 500 000 dollars (432 300 euros) et plus d&rsquo;un million de dollars (865 240 euros) par an. En revanche, m\u00eame les professeurs les mieux pay\u00e9s des grandes institutions europ\u00e9ennes, comme l&rsquo;universit\u00e9 Complutense de Madrid en Espagne, ne gagnent g\u00e9n\u00e9ralement pas plus de 77 122 euros.<\/p>\n<p>Des initiatives telles que \u00ab\u00a0Choose Europe\u00a0\u00bb, qui comprend une enveloppe de 500 millions d&rsquo;euros destin\u00e9e \u00e0 attirer les chercheurs en Europe, ainsi que des efforts visant \u00e0 r\u00e9duire les obstacles auxquels se heurtent les \u00e9tudiants et les chercheurs internationaux, pourraient conduire \u00e0 des changements essentiels \u00e0 long terme.<\/p>\n<p>Par exemple, l&rsquo;universit\u00e9 Provence-Aix Marseille a d\u00e9clar\u00e9 avoir \u00e9t\u00e9 \u00ab\u00a0inond\u00e9e\u00a0\u00bb de demandes de chercheurs bas\u00e9s aux \u00c9tats-Unis apr\u00e8s avoir annonc\u00e9 le lancement du programme \u00ab\u00a0Safe Place For Science\u00a0\u00bb, d&rsquo;une dur\u00e9e de trois ans, dans le cadre duquel elle esp\u00e8re r\u00e9colter 15 millions d&rsquo;euros et accueillir une quinzaine de chercheurs.<\/p>\n<p>Pourtant, entre 2022 et 2024, les destinations les plus attrayantes pour les dipl\u00f4m\u00e9s am\u00e9ricains d\u00e9sireux de s&rsquo;installer \u00e0 l&rsquo;\u00e9tranger sont le Royaume-Uni et le Canada.<\/p>\n<p>\u00ab\u00a0Les projets qui changent une vie prennent du temps, et il est trop t\u00f4t pour s&rsquo;attendre \u00e0 un d\u00e9part massif des \u00c9tats-Unis\u00a0\u00bb, indique l&rsquo;analyse de Bruegel.<\/p>\n","protected":false},"excerpt":{"rendered":"PUBLICIT\u00c9 Les d\u00e9penses du gouvernement am\u00e9ricain en mati\u00e8re de recherche dans le domaine de la sant\u00e9 ont atteint&hellip;\n","protected":false},"author":2,"featured_media":186282,"comment_status":"","ping_status":"","sticky":false,"template":"","format":"standard","meta":{"footnotes":""},"categories":[1586],"tags":[11,75,1777,674,1011,27,12,25,364,5768],"class_list":{"0":"post-186281","1":"post","2":"type-post","3":"status-publish","4":"format-standard","5":"has-post-thumbnail","7":"category-europe","8":"tag-actualites","9":"tag-donald-trump","10":"tag-eu","11":"tag-europe","12":"tag-fr","13":"tag-france","14":"tag-news","15":"tag-republique-francaise","16":"tag-union-europeenne","17":"tag-universite"},"share_on_mastodon":{"url":"https:\/\/pubeurope.com\/@fr\/114705315084291154","error":""},"_links":{"self":[{"href":"https:\/\/www.europesays.com\/fr\/wp-json\/wp\/v2\/posts\/186281","targetHints":{"allow":["GET"]}}],"collection":[{"href":"https:\/\/www.europesays.com\/fr\/wp-json\/wp\/v2\/posts"}],"about":[{"href":"https:\/\/www.europesays.com\/fr\/wp-json\/wp\/v2\/types\/post"}],"author":[{"embeddable":true,"href":"https:\/\/www.europesays.com\/fr\/wp-json\/wp\/v2\/users\/2"}],"replies":[{"embeddable":true,"href":"https:\/\/www.europesays.com\/fr\/wp-json\/wp\/v2\/comments?post=186281"}],"version-history":[{"count":0,"href":"https:\/\/www.europesays.com\/fr\/wp-json\/wp\/v2\/posts\/186281\/revisions"}],"wp:featuredmedia":[{"embeddable":true,"href":"https:\/\/www.europesays.com\/fr\/wp-json\/wp\/v2\/media\/186282"}],"wp:attachment":[{"href":"https:\/\/www.europesays.com\/fr\/wp-json\/wp\/v2\/media?parent=186281"}],"wp:term":[{"taxonomy":"category","embeddable":true,"href":"https:\/\/www.europesays.com\/fr\/wp-json\/wp\/v2\/categories?post=186281"},{"taxonomy":"post_tag","embeddable":true,"href":"https:\/\/www.europesays.com\/fr\/wp-json\/wp\/v2\/tags?post=186281"}],"curies":[{"name":"wp","href":"https:\/\/api.w.org\/{rel}","templated":true}]}}