{"id":186283,"date":"2025-06-18T16:29:10","date_gmt":"2025-06-18T16:29:10","guid":{"rendered":"https:\/\/www.europesays.com\/fr\/186283\/"},"modified":"2025-06-18T16:29:10","modified_gmt":"2025-06-18T16:29:10","slug":"limpossible-diplomatie-de-lunion-europeenne","status":"publish","type":"post","link":"https:\/\/www.europesays.com\/fr\/186283\/","title":{"rendered":"l\u2019impossible diplomatie de l\u2019Union europ\u00e9enne"},"content":{"rendered":"<p>Depuis le d\u00e9but de <a href=\"https:\/\/www.republicain-lorrain.fr\/defense-guerre-conflit\/2025\/06\/18\/gaza-israel-tire-des-obus-sur-des-civils-en-attente-d-aide-alimentaire-tuant-11-personnes\" target=\"_blank\" rel=\"nofollow noopener\">l\u2019offensive \u00e0 Gaza dans la foul\u00e9e du 7-Octobre<\/a>, l\u2019Union europ\u00e9enne peine \u00e0 s\u2019accorder. \u00c0 l\u2019insoluble intrication des <a href=\"https:\/\/www.republicain-lorrain.fr\/defense-guerre-conflit\/2025\/06\/18\/israel-iran-les-etats-unis-vont-ils-s-engager-militairement-dans-le-conflit\" target=\"_blank\" rel=\"nofollow noopener\">conflits au Moyen-Orient<\/a> s\u2019ajoute la difficult\u00e9 \u00e0 accorder les Vingt-Sept, tant leurs approches sur ce dossier sont disparates.<\/p>\n<p>L\u2019Allemagne, dont on conna\u00eet le poids au Conseil comme au Parlement (96 d\u00e9put\u00e9s sur 720), est rest\u00e9e, par exemple, longtemps r\u00e9tive \u00e0 toute critique vis-\u00e0-vis d\u2019Isra\u00ebl en raison du poids de l\u2019histoire. L\u2019Espagne, \u00e0 l\u2019inverse, est t\u00eate de file des \u00c9tats qui d\u00e9fendent les Palestiniens. L\u2019extr\u00eame droite, dont la force s\u2019est encore accrue ces derni\u00e8res ann\u00e9es, pr\u00e9f\u00e8re soutenir Isra\u00ebl que les Palestiniens. Incapable de s\u2019accorder sur une position, le Parlement a pr\u00e9f\u00e9r\u00e9 ces derniers mois ne pas en prendre du tout. Au Conseil, d\u00e9cisionnaire en mati\u00e8re de politique \u00e9trang\u00e8re, le blocage est similaire.<\/p>\n<p>L\u2019Iran s\u2019invite dans le d\u00e9bat<\/p>\n<p>Mais le d\u00e9ferlement de violence militaire sur Gaza, jusque sur des <a href=\"https:\/\/www.republicain-lorrain.fr\/defense-guerre-conflit\/2025\/06\/05\/les-sites-ne-respectent-pas-les-normes-humanitaires-l-aide-alimentaire-tourne-au-piege-mortel\" target=\"_blank\" rel=\"nofollow noopener\">lieux de distribution d\u2019aide humanitaire<\/a>, a fait fl\u00e9chir certains \u00c9tats. Ainsi, les Pays-Bas, traditionnellement pro-isra\u00e9liens, sont parvenus ces derni\u00e8res semaines \u00e0 convaincre de r\u00e9examiner, en r\u00e9torsion, l\u2019accord d\u2019association qui lie Isra\u00ebl et l\u2019UE depuis 25 ans. Arme diplomatique et commerciale d\u2019intensit\u00e9 mod\u00e9r\u00e9e mais symboliquement forte dont beaucoup demandent l\u2019usage depuis le d\u00e9but de l\u2019offensive il y a 18 mois.<\/p>\n<p>Le point a enfin \u00e9t\u00e9 mis \u00e0 l\u2019ordre du jour des discussions en mai dernier, au pr\u00e9texte que l\u2019article\u00a02 de l\u2019accord pose une condition de \u00ab\u00a0respect des droits de l\u2019homme\u00a0\u00bb. Il devait \u00eatre discut\u00e9 au Parlement de Strasbourg mardi, mais, patatras, l\u2019ordre du jour a \u00e9t\u00e9 boulevers\u00e9 par le d\u00e9veloppement soudain du conflit vers l\u2019Iran. Lors du d\u00e9bat mardi soir, les d\u00e9put\u00e9s campaient face \u00e0 face\u00a0: ceux persistant \u00e0 vouloir agir pour que cesse le carnage \u00e0 Gaza, et ceux appelant \u00e0 soutenir Isra\u00ebl face au r\u00e9gime des mollahs.<\/p>\n<p>  La \u00ab\u00a0frustration\u00a0\u00bb de Kaja Kallas<\/p>\n<p>Accus\u00e9e d\u2019inaction \u00e0 Gaza, la diplomate en chef de l\u2019UE, Kaja Kallas, s\u2019est retrouv\u00e9e sur la d\u00e9fensive. \u00c9voquant ses efforts quotidiens pour convaincre le gouvernement isra\u00e9lien de faire passer l\u2019aide humanitaire, elle a aussi t\u00e9moign\u00e9 de sa \u00ab\u00a0frustration\u00a0\u00bb. D\u2019autant qu\u2019elle-m\u00eame admettait douter de l\u2019efficacit\u00e9 du projet de suspension de l\u2019accord, qui doit \u00eatre \u00e0 nouveau d\u00e9battu avec les ministres \u00e0 Bruxelles lundi\u00a0: \u00ab\u00a0La suspension de l\u2019accord arr\u00eatera-t-elle le massacre [\u00e0 Gaza]\u00a0? Non\u00a0\u00bb, a conclu l\u2019Estonienne. \u00ab\u00a0Mais elle fermera les canaux pour parler \u00e0 l\u2018\u00c9tat h\u00e9breu\u00a0\u00bb, n\u00e9cessaires pour persister sur l\u2019aide humanitaire. Mais aussi pour tenter d\u2019exister dans la crise avec l\u2019Iran.<\/p>\n","protected":false},"excerpt":{"rendered":"Depuis le d\u00e9but de l\u2019offensive \u00e0 Gaza dans la foul\u00e9e du 7-Octobre, l\u2019Union europ\u00e9enne peine \u00e0 s\u2019accorder. \u00c0&hellip;\n","protected":false},"author":2,"featured_media":186284,"comment_status":"","ping_status":"","sticky":false,"template":"","format":"standard","meta":{"footnotes":""},"categories":[1586],"tags":[11,3206,1777,674,1779,107,1011,27,329,664,12,316,25,1778,364],"class_list":{"0":"post-186283","1":"post","2":"type-post","3":"status-publish","4":"format-standard","5":"has-post-thumbnail","7":"category-europe","8":"tag-actualites","9":"tag-defense-guerre-conflit","10":"tag-eu","11":"tag-europe","12":"tag-european-union","13":"tag-fil-info","14":"tag-fr","15":"tag-france","16":"tag-france-monde","17":"tag-israel","18":"tag-news","19":"tag-politique","20":"tag-republique-francaise","21":"tag-ue","22":"tag-union-europeenne"},"share_on_mastodon":{"url":"https:\/\/pubeurope.com\/@fr\/114705318846399300","error":""},"_links":{"self":[{"href":"https:\/\/www.europesays.com\/fr\/wp-json\/wp\/v2\/posts\/186283","targetHints":{"allow":["GET"]}}],"collection":[{"href":"https:\/\/www.europesays.com\/fr\/wp-json\/wp\/v2\/posts"}],"about":[{"href":"https:\/\/www.europesays.com\/fr\/wp-json\/wp\/v2\/types\/post"}],"author":[{"embeddable":true,"href":"https:\/\/www.europesays.com\/fr\/wp-json\/wp\/v2\/users\/2"}],"replies":[{"embeddable":true,"href":"https:\/\/www.europesays.com\/fr\/wp-json\/wp\/v2\/comments?post=186283"}],"version-history":[{"count":0,"href":"https:\/\/www.europesays.com\/fr\/wp-json\/wp\/v2\/posts\/186283\/revisions"}],"wp:featuredmedia":[{"embeddable":true,"href":"https:\/\/www.europesays.com\/fr\/wp-json\/wp\/v2\/media\/186284"}],"wp:attachment":[{"href":"https:\/\/www.europesays.com\/fr\/wp-json\/wp\/v2\/media?parent=186283"}],"wp:term":[{"taxonomy":"category","embeddable":true,"href":"https:\/\/www.europesays.com\/fr\/wp-json\/wp\/v2\/categories?post=186283"},{"taxonomy":"post_tag","embeddable":true,"href":"https:\/\/www.europesays.com\/fr\/wp-json\/wp\/v2\/tags?post=186283"}],"curies":[{"name":"wp","href":"https:\/\/api.w.org\/{rel}","templated":true}]}}