{"id":186297,"date":"2025-06-18T16:38:09","date_gmt":"2025-06-18T16:38:09","guid":{"rendered":"https:\/\/www.europesays.com\/fr\/186297\/"},"modified":"2025-06-18T16:38:09","modified_gmt":"2025-06-18T16:38:09","slug":"le-programme-tv-complet-du-week-end-3","status":"publish","type":"post","link":"https:\/\/www.europesays.com\/fr\/186297\/","title":{"rendered":"le programme TV complet du week-end"},"content":{"rendered":"<p>\t\t\t<strong class=\"post-excerpt\"><\/p>\n<p itemprop=\"description\">Retrouvez le programme complet du Grand Prix d&rsquo;Italie, la neuvi\u00e8me \u00e9tape du Championnat du monde de MotoGP 2025 disput\u00e9e sur le circuit du Mugello, avec les horaires TV pour la France.<\/p>\n<p><\/strong>\t\t<\/p>\n<p>Le <a href=\"https:\/\/www.sportauto.fr\/motogp\/motogp-et-si-championnat-devenait-f1-avant-cause-marquez-433170.html#item=1\" target=\"_blank\" rel=\"noopener nofollow\"><strong>MotoGP<\/strong><\/a> met \u00e0 nouveau le cap sur l&rsquo;Italie pour sa <strong>neuvi\u00e8me manche 2025<\/strong> sur le <strong>circuit du Mugello.<\/strong><\/p>\n<p>   \t\t\t GP d\u2019Italie MotoGP 2025 : quelle situation au championnat ? <\/p>\n<p>Apr\u00e8s la <a href=\"https:\/\/www.sportauto.fr\/motogp\/motogp-et-si-championnat-devenait-f1-avant-cause-marquez-433170.html#item=1\" target=\"_blank\" rel=\"noopener nofollow\">d\u00e9monstration des fr\u00e8res M\u00e1rquez en Aragon<\/a>, le paddock met d\u00e9sormais le cap sur le<strong> Mugello<\/strong> pour le tr\u00e8s attendu <strong>Grand Prix d\u2019Italie<\/strong> pour la <strong>neuvi\u00e8me manche de la saison 2025.<br \/><\/strong>Sur les terres de <strong>Ducati,<\/strong> tous les regards se tournent logiquement vers <strong>Pecco Bagnaia.<\/strong> Le pilote italien, en qu\u00eate de sensations depuis le d\u00e9but de la saison, a profit\u00e9 du <strong>test officiel de la discipline<\/strong> dans la foul\u00e9e du <strong>Grand Prix d&rsquo;Aragon<\/strong> pour \u00e9valuer plusieurs nouveaut\u00e9s sur sa<strong> GP25. <\/strong>Sera-t-il en mesure de briller ?<br \/>Du c\u00f4t\u00e9 du classement provisoire du Championnat du monde, <strong>Marc Marquez m\u00e8ne le bal avec 233 points,<\/strong> contre 201 \u00e0 son fr\u00e8re Alex. <strong>Bagnaia\u00a0<\/strong>se maintient au troisi\u00e8me rang, <strong>avec 140 unit\u00e9s.<\/strong><\/p>\n<p> GP d\u2019Italie MotoGP 2025 : le programme TV du week-end <\/p>\n<p>Retrouvez ci-dessous le <strong>programme complet<\/strong> du <strong>Grand Prix d\u2019Italie MotoGP 202<\/strong>5. Comme pour chaque rendez-vous du mondial, toutes les s\u00e9ances du week-end seront diffus\u00e9es sur <strong>Canal+ Sport 360<\/strong>, de m\u00eame que le<strong> Sprint MotoGP<\/strong> et les courses du dimanche en<strong> Moto2<\/strong> et<strong> Moto3.<\/strong>\u00a0<strong>Canal+<\/strong> diffusera le <strong>Grand Prix de MotoGP.\u00a0<\/strong>La manche <strong><a href=\"https:\/\/www.sportauto.fr\/motogp\/marc-marquez-championnat-motogp-2025-429591.html#item=1\" target=\"_blank\" rel=\"noopener nofollow\">MotoGP<\/a><\/strong>\u00a0sera \u00e9galement retransmise sur <strong>RTBF Auvio.<\/strong><\/p>\n<p> Vendredi 20 juin <\/p>\n<ul>\n<li>09h00 &#8211; 09h35 : Essais Libres 1 Moto3<\/li>\n<li>09h50 &#8211; 10h30 : Essais Libres 1 Moto2<\/li>\n<li><strong>10h45 \u2013 11h30 : Essais Libres 1 MotoGP<\/strong><\/li>\n<li>13h15 &#8211; 13h50 : Essais Moto3<\/li>\n<li>14h05 &#8211; 14h45 : Essais Moto2<\/li>\n<li><strong>15h00 \u2013 16h00 : Essais MotoGP<\/strong><\/li>\n<\/ul>\n<p> Samedi 21 juin <\/p>\n<ul>\n<li>08h40 \u2013 09h10 : Essais Libres 2 Moto3<\/li>\n<li>09h25 \u2013 09h55 : Essais Libres 2 Moto2<\/li>\n<li><strong>10h10 \u2013 10h40 : Essais Libres 2 MotoGP<\/strong><\/li>\n<li><strong>10h50 \u2013 11h05 : Qualifications 1 MotoGP<\/strong><\/li>\n<li><strong>11h15 \u2013 11h30 : Qualifications 2 MotoGP<\/strong><\/li>\n<li class=\"li1\">12h50 &#8211; 13h05 : Qualifications 1 Moto3<\/li>\n<li class=\"li1\">13h15 &#8211; 13h30 : Qualifications 2 Moto3<\/li>\n<li class=\"li1\">13h45 &#8211; 14h00 :\u00a0Qualifications 1 Moto2<\/li>\n<li class=\"li1\">14h10 &#8211; 14h25 :\u00a0Qualifications 2 Moto2<\/li>\n<li class=\"li1\"><strong>15h00 : Sprint MotoGP (11 tours)<\/strong><\/li>\n<\/ul>\n<p> Dimanche 22 juin <\/p>\n<ul>\n<li><strong>09h40 \u2013 09h50 : Warm-up MotoGP<\/strong><\/li>\n<li>11h00 : Course Moto3 (17 tours)<\/li>\n<li>12h15 : Course Moto2 (19 tours)<\/li>\n<li>14h00 : <strong>Grand Prix d&rsquo;Italie MotoGP<\/strong> (23 tours)<\/li>\n<\/ul>\n","protected":false},"excerpt":{"rendered":"Retrouvez le programme complet du Grand Prix d&rsquo;Italie, la neuvi\u00e8me \u00e9tape du Championnat du monde de MotoGP 2025&hellip;\n","protected":false},"author":2,"featured_media":186298,"comment_status":"","ping_status":"","sticky":false,"template":"","format":"standard","meta":{"footnotes":""},"categories":[1413],"tags":[1011,27,1638,1457,1456,60],"class_list":{"0":"post-186297","1":"post","2":"type-post","3":"status-publish","4":"format-standard","5":"has-post-thumbnail","7":"category-moto","8":"tag-fr","9":"tag-france","10":"tag-has_diapo","11":"tag-moto","12":"tag-motocycle","13":"tag-sports"},"share_on_mastodon":{"url":"https:\/\/pubeurope.com\/@fr\/114705354355092262","error":""},"_links":{"self":[{"href":"https:\/\/www.europesays.com\/fr\/wp-json\/wp\/v2\/posts\/186297","targetHints":{"allow":["GET"]}}],"collection":[{"href":"https:\/\/www.europesays.com\/fr\/wp-json\/wp\/v2\/posts"}],"about":[{"href":"https:\/\/www.europesays.com\/fr\/wp-json\/wp\/v2\/types\/post"}],"author":[{"embeddable":true,"href":"https:\/\/www.europesays.com\/fr\/wp-json\/wp\/v2\/users\/2"}],"replies":[{"embeddable":true,"href":"https:\/\/www.europesays.com\/fr\/wp-json\/wp\/v2\/comments?post=186297"}],"version-history":[{"count":0,"href":"https:\/\/www.europesays.com\/fr\/wp-json\/wp\/v2\/posts\/186297\/revisions"}],"wp:featuredmedia":[{"embeddable":true,"href":"https:\/\/www.europesays.com\/fr\/wp-json\/wp\/v2\/media\/186298"}],"wp:attachment":[{"href":"https:\/\/www.europesays.com\/fr\/wp-json\/wp\/v2\/media?parent=186297"}],"wp:term":[{"taxonomy":"category","embeddable":true,"href":"https:\/\/www.europesays.com\/fr\/wp-json\/wp\/v2\/categories?post=186297"},{"taxonomy":"post_tag","embeddable":true,"href":"https:\/\/www.europesays.com\/fr\/wp-json\/wp\/v2\/tags?post=186297"}],"curies":[{"name":"wp","href":"https:\/\/api.w.org\/{rel}","templated":true}]}}