{"id":186301,"date":"2025-06-18T16:40:13","date_gmt":"2025-06-18T16:40:13","guid":{"rendered":"https:\/\/www.europesays.com\/fr\/186301\/"},"modified":"2025-06-18T16:40:13","modified_gmt":"2025-06-18T16:40:13","slug":"pourquoi-des-coureuses-afghanes-seront-elles-au-depart-des-championnats-de-france-de-cyclisme","status":"publish","type":"post","link":"https:\/\/www.europesays.com\/fr\/186301\/","title":{"rendered":"Pourquoi des coureuses afghanes seront-elles au d\u00e9part des championnats de France de cyclisme ?"},"content":{"rendered":"<p>L&rsquo;Union cycliste internationale (UCI) a annonc\u00e9 mercredi que les championnats de France de cyclisme sur route, pr\u00e9vus du 26 au 29 juin aux Herbiers (Vend\u00e9e), serviront \u00e9galement de support aux championnats d&rsquo;Afghanistan. Cinq r\u00e9fugi\u00e9es afghanes, dont les s\u0153urs Hashimi qui s&rsquo;\u00e9taient illustr\u00e9es lors des JO de Paris, concourront pour remporter le titre de championne de leur pays.<\/p>\n<p>Le championnat de France 2025 de cyclisme sur route sera \u00e9galement le championnat d&rsquo;Afghanistan. En effet, l&rsquo;UCI a annonc\u00e9 mercredi 18 juin que cinq coureuses afghanes se joindraient \u00e0 l&rsquo;\u00e9preuve de contre-la-montre du 26 juin et \u00e0 l&rsquo;\u00e9preuve en ligne du 28 juin aux c\u00f4t\u00e9s des Fran\u00e7aises. La mieux class\u00e9e remportera le maillot distinctif de championne nationale.<\/p>\n<p>L&rsquo;\u00e9preuve ne peut pas \u00eatre courue en <a href=\"https:\/\/www.france24.com\/fr\/tag\/afghanistan\/\" class=\"link \" rel=\"nofollow noopener\" target=\"_blank\" data-ylk=\"slk:Afghanistan;elm:context_link;itc:0;sec:content-canvas\">Afghanistan<\/a>. Depuis le retour des <a href=\"https:\/\/www.france24.com\/fr\/tag\/taliban\/\" class=\"link \" rel=\"nofollow noopener\" target=\"_blank\" data-ylk=\"slk:Taliban;elm:context_link;itc:0;sec:content-canvas\">Taliban<\/a> au pouvoir en 2021, les droits des femmes sont r\u00e9duits \u00e0 peau de chagrin. Parmi les nombreux interdits, celui de faire du sport.<\/p>\n<p>\u00c0 lire aussi<a href=\"https:\/\/www.france24.com\/fr\/sports\/20250429-velo-kim-le-court-piennar-la-cycliste-lumi%C3%A8re-lie-maurice\" class=\"link \" rel=\"nofollow noopener\" target=\"_blank\" data-ylk=\"slk:Kim Le Court, la cycliste qui met la lumi\u00e8re sur l&#039;\u00eele Maurice;elm:context_link;itc:0;sec:content-canvas\">Kim Le Court, la cycliste qui met la lumi\u00e8re sur l&rsquo;\u00eele Maurice<\/a><\/p>\n<p>\u00ab\u00a0Organiser des championnats nationaux pour des athl\u00e8tes qui en sont priv\u00e9es, c\u2019est exercer une hospitalit\u00e9 conforme aux valeurs du sport\u00a0\u00bb, explique Michel Callot, pr\u00e9sident de la F\u00e9d\u00e9ration fran\u00e7aise de <a href=\"https:\/\/www.france24.com\/fr\/tag\/cyclisme\/\" class=\"link \" rel=\"nofollow noopener\" target=\"_blank\" data-ylk=\"slk:cyclisme;elm:context_link;itc:0;sec:content-canvas\">cyclisme<\/a> (FFC) dans un communiqu\u00e9.<\/p>\n<p><a href=\"https:\/\/www.france24.com\/fr\/sports\/20250618-pourquoi-coureuses-afghanes-seront-elles-d%C3%A9part-championnats-france-cyclisme-hashimi\" rel=\"nofollow noopener\" target=\"_blank\" data-ylk=\"slk:Lire la suite sur FRANCE 24;elm:context_link;itc:0;sec:content-canvas\" class=\"link \">Lire la suite sur FRANCE 24<\/a><\/p>\n","protected":false},"excerpt":{"rendered":"L&rsquo;Union cycliste internationale (UCI) a annonc\u00e9 mercredi que les championnats de France de cyclisme sur route, pr\u00e9vus du&hellip;\n","protected":false},"author":2,"featured_media":186302,"comment_status":"","ping_status":"","sticky":false,"template":"","format":"standard","meta":{"footnotes":""},"categories":[1411],"tags":[32416,1154,207,10070,1011,27,17715,32417,60],"class_list":{"0":"post-186301","1":"post","2":"type-post","3":"status-publish","4":"format-standard","5":"has-post-thumbnail","7":"category-cyclisme","8":"tag-championne-nationale","9":"tag-cycling","10":"tag-cyclisme","11":"tag-cyclisme-sur-route","12":"tag-fr","13":"tag-france","14":"tag-lepreuve","15":"tag-peau-de-chagrin","16":"tag-sports"},"share_on_mastodon":{"url":"https:\/\/pubeurope.com\/@fr\/114705362019807297","error":""},"_links":{"self":[{"href":"https:\/\/www.europesays.com\/fr\/wp-json\/wp\/v2\/posts\/186301","targetHints":{"allow":["GET"]}}],"collection":[{"href":"https:\/\/www.europesays.com\/fr\/wp-json\/wp\/v2\/posts"}],"about":[{"href":"https:\/\/www.europesays.com\/fr\/wp-json\/wp\/v2\/types\/post"}],"author":[{"embeddable":true,"href":"https:\/\/www.europesays.com\/fr\/wp-json\/wp\/v2\/users\/2"}],"replies":[{"embeddable":true,"href":"https:\/\/www.europesays.com\/fr\/wp-json\/wp\/v2\/comments?post=186301"}],"version-history":[{"count":0,"href":"https:\/\/www.europesays.com\/fr\/wp-json\/wp\/v2\/posts\/186301\/revisions"}],"wp:featuredmedia":[{"embeddable":true,"href":"https:\/\/www.europesays.com\/fr\/wp-json\/wp\/v2\/media\/186302"}],"wp:attachment":[{"href":"https:\/\/www.europesays.com\/fr\/wp-json\/wp\/v2\/media?parent=186301"}],"wp:term":[{"taxonomy":"category","embeddable":true,"href":"https:\/\/www.europesays.com\/fr\/wp-json\/wp\/v2\/categories?post=186301"},{"taxonomy":"post_tag","embeddable":true,"href":"https:\/\/www.europesays.com\/fr\/wp-json\/wp\/v2\/tags?post=186301"}],"curies":[{"name":"wp","href":"https:\/\/api.w.org\/{rel}","templated":true}]}}