{"id":186305,"date":"2025-06-18T16:42:11","date_gmt":"2025-06-18T16:42:11","guid":{"rendered":"https:\/\/www.europesays.com\/fr\/186305\/"},"modified":"2025-06-18T16:42:11","modified_gmt":"2025-06-18T16:42:11","slug":"kate-middleton-saute-le-pas-et-confirme-ce-que-tout-le-monde-soupconnait-a-propos-de-lady-di","status":"publish","type":"post","link":"https:\/\/www.europesays.com\/fr\/186305\/","title":{"rendered":"Kate Middleton saute le pas et confirme ce que tout le monde soup\u00e7onnait \u00e0 propos de Lady Di"},"content":{"rendered":"<p>Depuis son entr\u00e9e dans la famille royale, <a href=\"https:\/\/www.closermag.fr\/royautes\/kate-middleton-pourquoi-la-princesse-a-ete-vivement-bousculee-par-larrivee-de-meghan-dans-la-famille-royale-3356109\" rel=\"nofollow noopener\" target=\"_blank\"><br \/>\nKate Middleton<\/a> a souvent \u00e9t\u00e9 compar\u00e9e \u00e0 Lady Diana. Son style<br \/>\net sa proximit\u00e9 avec le public rappellent l&rsquo;attitude de la<br \/>\nprincesse, d\u00e9c\u00e9d\u00e9e tragiquement en 1997. Mais lors des \u00e9v\u00e9nements<br \/>\nmajeurs de juin 2025, la princesse de Galles a franchi <a href=\"https:\/\/www.closermag.fr\/royautes\/kate-middleton-sa-tenue-a-trooping-the-colour-2025-etait-un-hommage-a-la-princesse-diana-3554862\" rel=\"nofollow noopener\" target=\"_blank\"><br \/>\nun cap symbolique<\/a>. Elle incarne d\u00e9sormais pleinemen<strong>t<br \/>\nl\u2019h\u00e9ritage de Lady Di.<\/strong><\/p>\n<p>\u00c0 l\u2019occasion du Trooping the Colour 2025, Kate Middleton a<br \/>\nmarqu\u00e9 les esprits par <a href=\"https:\/\/www.closermag.fr\/royautes\/trooping-the-colour-2025-ce-message-cache-derriere-les-bijoux-de-charlotte-et-kate-3555344\" rel=\"nofollow noopener\" target=\"_blank\"><br \/>\nune tenue soigneusement choisie<\/a>. Il s&rsquo;agissait d&rsquo;un<br \/>\nmanteau-robe aquamarine et ivoire <strong>sign\u00e9 Catherine<br \/>\nWalker,<\/strong> cr\u00e9atrice f\u00e9tiche de Lady Diana. Ce clin d\u2019\u0153il<br \/>\nvestimentaire n\u2019est pas anodin. En effet, Diana avait port\u00e9 une<br \/>\ntenue similaire lors d\u2019un voyage officiel en Inde en 1992, et \u00e0<br \/>\nRoyal Ascot en 1989. L&rsquo;\u00e9pouse du prince William a compl\u00e9t\u00e9 son look<br \/>\navec des boucles d\u2019oreilles ayant appartenu \u00e0 la reine Elizabeth<br \/>\nII.<\/p>\n<p>Un hommage symbolique pour Kate Middleton<\/p>\n<p>La symbolique ne s\u2019arr\u00eate pas \u00e0 la mode pour Kate Middleton.<br \/>\nElle a \u00e9galement arbor\u00e9 <strong>la broche des Irish<br \/>\nGuards,<\/strong> rappelant son engagement militaire et son r\u00f4le de<br \/>\ncolonel. Sa fille, la princesse Charlotte, portait une robe<br \/>\nassortie. La fillette perp\u00e9tuait ainsi\u00a0 la tradition familiale<br \/>\net la transmission de valeurs et de style entre g\u00e9n\u00e9rations.<\/p>\n<p><img aria-describedby=\"caption-attachment-3556078\" itemprop=\"thumbnailUrl\" decoding=\"async\" loading=\"lazy\" class=\"wp-image-3556078 img-responsive size-full\" src=\"https:\/\/www.europesays.com\/fr\/wp-content\/uploads\/2025\/06\/kate-middleton-et-la-princesse-charlotte.jpg\" alt=\"Kate Middleton et la princesse Charlotte \" width=\"1200\" height=\"852\"\/><\/p>\n<p id=\"caption-attachment-3556078\" class=\"wp-caption-text\">\u00a9<br \/>\nBestimage Kate Middleton et la princesse Charlotte lors du Trooping<br \/>\nthe Colour 2025.<\/p>\n<p>Au-del\u00e0 de l\u2019apparence, c\u2019est <strong>l\u2019attitude de Kate<br \/>\nMiddleton<\/strong> qui rappelle le plus Lady Di. Lors de la<br \/>\nc\u00e9r\u00e9monie de l\u2019Ordre de la Jarreti\u00e8re \u00e0 Windsor, elle a choisi de<br \/>\nr\u00e9utiliser une robe blanche Self-Portrait d\u00e9j\u00e0 port\u00e9e \u00e0 plusieurs<br \/>\nreprises. Elle portait \u00e9galement dse bijoux vintage, dont un<br \/>\ncollier de perles \u00e9voquant le glamour des ann\u00e9es 1980. Ce choix de<br \/>\nla r\u00e9utilisation et de la sobri\u00e9t\u00e9, loin de la surench\u00e8re,<br \/>\ns\u2019inscrit dans une volont\u00e9 de proximit\u00e9 et d\u2019authenticit\u00e9.<\/p>\n<p>Une posture qui rappelle la \u00ab\u00a0princesse<br \/>\ndes c\u0153urs\u00a0\u00bb<\/p>\n<p>Kate Middleton a \u00e9galement h\u00e9rit\u00e9 de certains patronages de Lady<br \/>\nDi, comme celui du Royal Marsden Hospital. Cela renforce les<br \/>\nsimilitudes entre les deux princesses dans leur engagement<br \/>\ncaritatif et <strong>leur capacit\u00e9 \u00e0 toucher le<br \/>\npublic.<\/strong><\/p>\n<p>Si Diana \u00e9tait surnomm\u00e9e la \u00ab\u00a0princesse des c\u0153urs\u00a0\u00bb pour sa<br \/>\ndouceur et son accessibilit\u00e9, Kate s\u2019impose aujourd\u2019hui comme<br \/>\n<strong>une figure rassurante.<\/strong> \u00c0 la fois moderne et<br \/>\nengag\u00e9e, elle est soutenue par son \u00e9poux et appr\u00e9ci\u00e9e pour sa<br \/>\ndiscr\u00e9tion et sa force de caract\u00e8re.<\/p>\n","protected":false},"excerpt":{"rendered":"Depuis son entr\u00e9e dans la famille royale, Kate Middleton a souvent \u00e9t\u00e9 compar\u00e9e \u00e0 Lady Diana. Son style&hellip;\n","protected":false},"author":2,"featured_media":186306,"comment_status":"","ping_status":"","sticky":false,"template":"","format":"standard","meta":{"footnotes":""},"categories":[1359],"tags":[548,58,59,1011,27,5858,973],"class_list":{"0":"post-186305","1":"post","2":"type-post","3":"status-publish","4":"format-standard","5":"has-post-thumbnail","7":"category-people","8":"tag-article-simple","9":"tag-divertissement","10":"tag-entertainment","11":"tag-fr","12":"tag-france","13":"tag-kate-middleton","14":"tag-people"},"share_on_mastodon":{"url":"https:\/\/pubeurope.com\/@fr\/114705369904199519","error":""},"_links":{"self":[{"href":"https:\/\/www.europesays.com\/fr\/wp-json\/wp\/v2\/posts\/186305","targetHints":{"allow":["GET"]}}],"collection":[{"href":"https:\/\/www.europesays.com\/fr\/wp-json\/wp\/v2\/posts"}],"about":[{"href":"https:\/\/www.europesays.com\/fr\/wp-json\/wp\/v2\/types\/post"}],"author":[{"embeddable":true,"href":"https:\/\/www.europesays.com\/fr\/wp-json\/wp\/v2\/users\/2"}],"replies":[{"embeddable":true,"href":"https:\/\/www.europesays.com\/fr\/wp-json\/wp\/v2\/comments?post=186305"}],"version-history":[{"count":0,"href":"https:\/\/www.europesays.com\/fr\/wp-json\/wp\/v2\/posts\/186305\/revisions"}],"wp:featuredmedia":[{"embeddable":true,"href":"https:\/\/www.europesays.com\/fr\/wp-json\/wp\/v2\/media\/186306"}],"wp:attachment":[{"href":"https:\/\/www.europesays.com\/fr\/wp-json\/wp\/v2\/media?parent=186305"}],"wp:term":[{"taxonomy":"category","embeddable":true,"href":"https:\/\/www.europesays.com\/fr\/wp-json\/wp\/v2\/categories?post=186305"},{"taxonomy":"post_tag","embeddable":true,"href":"https:\/\/www.europesays.com\/fr\/wp-json\/wp\/v2\/tags?post=186305"}],"curies":[{"name":"wp","href":"https:\/\/api.w.org\/{rel}","templated":true}]}}