{"id":186307,"date":"2025-06-18T16:43:08","date_gmt":"2025-06-18T16:43:08","guid":{"rendered":"https:\/\/www.europesays.com\/fr\/186307\/"},"modified":"2025-06-18T16:43:08","modified_gmt":"2025-06-18T16:43:08","slug":"pourquoi-lexposition-des-tekis-fait-polemique-a-perros-guirec","status":"publish","type":"post","link":"https:\/\/www.europesays.com\/fr\/186307\/","title":{"rendered":"Pourquoi l\u2019exposition des \u00ab\u00a0t\u00e9kis\u00a0\u00bb fait pol\u00e9mique \u00e0 Perros-Guirec\u00a0?"},"content":{"rendered":"<p>Retenu par la Ville pour son exposition de sculptures 2025, Christophe Le Baquer, artiste plasticien, peintre et sculpteur, install\u00e9 sur la c\u00f4te de Granit Rose, ne s\u2019attendait pas \u00e0 faire l\u2019objet de tant de pol\u00e9miques avec ses \u00ab\u00a0t\u00e9kis\u00a0\u00bb install\u00e9s aux Arcades \u00e0 La Rade.<\/p>\n<p><a href=\"https:\/\/www.letelegramme.fr\/cotes-d-armor\/plougrescant-22820\/plougrescant-des-statuettes-teki-mises-au-jour-a-pors-hir-6409835.php\" title=\"www.letelegramme.fr\" target=\"_blank\" rel=\"noopener\">Les t\u00e9kis sont des sortes de totems primitifs qui font \u00e9cho aux Tikis polyn\u00e9siens<\/a>. La diff\u00e9rence majeure, avec ceux de Christophe Le Baquer, c\u2019est que ce sont des repr\u00e9sentations contemporaines de l\u2019humanit\u00e9. L\u2019un d\u2019eux repr\u00e9sente l\u2019inconscience du port d\u2019armes. Une repr\u00e9sentation qui n\u2019a pas \u00e9t\u00e9 comprise de tous. \u00ab\u00a0Sur les r\u00e9seaux, on m\u2019a accus\u00e9 de faire l\u2019apologie du terrorisme ou encore d\u2019\u00eatre antis\u00e9mite\u00a0\u00bb, s\u2019est d\u00e9sol\u00e9 Christophe Le Baquer, lors d\u2019une conf\u00e9rence organis\u00e9e ce mercredi.<\/p>\n<p>Les d\u00e9rives de l\u2019humanit\u00e9 en lumi\u00e8re<\/p>\n<p>\u00ab\u00a0Mon but est de mettre en miroir les d\u00e9rives de l\u2019humanit\u00e9, les deux \u00ab\u00a0t\u00e9kis\u00a0\u00bb install\u00e9s \u00e0 La Rade sont r\u00e9guli\u00e8rement recouverts de sacs-poubelles. Cons\u00e9quence, le projet a \u00e9t\u00e9 abandonn\u00e9. Je n\u2019ai pas eu le temps d\u2019expliquer ma d\u00e9marche et d\u2019apposer le panneau explicatif comme <a href=\"https:\/\/www.letelegramme.fr\/cotes-d-armor\/plougrescant-22820\/plougrescant-des-statuettes-teki-mises-au-jour-a-pors-hir-6409835.php\" title=\"www.letelegramme.fr\" target=\"_blank\" rel=\"noopener\">\u00e0 Pors-Hir, \u00e0 Plougrescant, o\u00f9 la m\u00eame exposition a \u00e9t\u00e9 comprise<\/a>\u00a0\u00bb, poursuit-il. Les deux premi\u00e8res sculptures install\u00e9es \u00e0 La Rade sont toujours en place, pour le moment. Les autres sculptures pr\u00e9vues ne seront pas install\u00e9es.<\/p>\n<p>En parall\u00e8le, l\u2019artiste pr\u00e9sente ses \u00ab<a href=\"https:\/\/www.perros-guirec.com\/offres\/expositions-de-sculptures-steles-de-christophe-le-baquer-perros-guirec-fr-5647446\/\" title=\"www.perros-guirec.com\" target=\"_blank\" rel=\"noopener\">\u00a0St\u00e8les<\/a>\u00a0\u00bb sur la promenade de Trestraou, jusqu\u2019au 15 octobre. L\u2019une des \u0153uvres a aussi fait l\u2019objet d\u2019une d\u00e9gradation m\u00eame si les faits ne semblent pas li\u00e9s. \u00ab\u00a0Au-del\u00e0 de cet \u00e9tat de fait, il faut que la libert\u00e9 d\u2019expression artistique vive. L\u2019art am\u00e8ne \u00e0 r\u00e9fl\u00e9chir et mon \u0153uvre n\u2019a pour objet que de repr\u00e9senter l\u2019humanit\u00e9 en couche-culotte avec des petits corps, des petits membres et des grosses t\u00eates bien remplies\u00a0: promesse d\u2019intelligence\u2026 Mais qu\u2019en font-ils\u00a0?\u00a0\u00bb, interroge Christophe Le Baquer<\/p>\n","protected":false},"excerpt":{"rendered":"Retenu par la Ville pour son exposition de sculptures 2025, Christophe Le Baquer, artiste plasticien, peintre et sculpteur,&hellip;\n","protected":false},"author":2,"featured_media":186308,"comment_status":"","ping_status":"","sticky":false,"template":"","format":"standard","meta":{"footnotes":""},"categories":[1358],"tags":[1348,1384,1385,1386,58,59,1011,27,5862,5864],"class_list":{"0":"post-186307","1":"post","2":"type-post","3":"status-publish","4":"format-standard","5":"has-post-thumbnail","7":"category-arts-et-design","8":"tag-arts","9":"tag-arts-and-design","10":"tag-arts-et-design","11":"tag-design","12":"tag-divertissement","13":"tag-entertainment","14":"tag-fr","15":"tag-france","16":"tag-lannion","17":"tag-perros-guirec"},"share_on_mastodon":{"url":"https:\/\/pubeurope.com\/@fr\/114705373848111429","error":""},"_links":{"self":[{"href":"https:\/\/www.europesays.com\/fr\/wp-json\/wp\/v2\/posts\/186307","targetHints":{"allow":["GET"]}}],"collection":[{"href":"https:\/\/www.europesays.com\/fr\/wp-json\/wp\/v2\/posts"}],"about":[{"href":"https:\/\/www.europesays.com\/fr\/wp-json\/wp\/v2\/types\/post"}],"author":[{"embeddable":true,"href":"https:\/\/www.europesays.com\/fr\/wp-json\/wp\/v2\/users\/2"}],"replies":[{"embeddable":true,"href":"https:\/\/www.europesays.com\/fr\/wp-json\/wp\/v2\/comments?post=186307"}],"version-history":[{"count":0,"href":"https:\/\/www.europesays.com\/fr\/wp-json\/wp\/v2\/posts\/186307\/revisions"}],"wp:featuredmedia":[{"embeddable":true,"href":"https:\/\/www.europesays.com\/fr\/wp-json\/wp\/v2\/media\/186308"}],"wp:attachment":[{"href":"https:\/\/www.europesays.com\/fr\/wp-json\/wp\/v2\/media?parent=186307"}],"wp:term":[{"taxonomy":"category","embeddable":true,"href":"https:\/\/www.europesays.com\/fr\/wp-json\/wp\/v2\/categories?post=186307"},{"taxonomy":"post_tag","embeddable":true,"href":"https:\/\/www.europesays.com\/fr\/wp-json\/wp\/v2\/tags?post=186307"}],"curies":[{"name":"wp","href":"https:\/\/api.w.org\/{rel}","templated":true}]}}