{"id":186311,"date":"2025-06-18T16:45:14","date_gmt":"2025-06-18T16:45:14","guid":{"rendered":"https:\/\/www.europesays.com\/fr\/186311\/"},"modified":"2025-06-18T16:45:14","modified_gmt":"2025-06-18T16:45:14","slug":"familles-nombreuses-la-vie-en-xxl-saison-09-episode-100-partie-2-du-18-juin-2025-familles-nombreuses-la-vie-en-xxl","status":"publish","type":"post","link":"https:\/\/www.europesays.com\/fr\/186311\/","title":{"rendered":"Familles nombreuses : la vie en XXL &#8211; Saison 09 Episode 100 (Partie 2) du 18 juin 2025 &#8211; Familles nombreuses : la vie en XXL"},"content":{"rendered":"<p id=\"descriptionPanel\" aria-labelledby=\"descriptionArrow\" aria-expanded=\"false\" class=\"mr-2 line-clamp-2 pr-2.5 text-secondary overflow-visible\">Ce matin chez la famille Laforce, c&rsquo;est mission tri des fournitures pour la rentr\u00e9e scolaire ! Mamie Janie est l\u00e0 aussi pour mettre la main \u00e0 la p\u00e2te. Les Fanich ont pass\u00e9 une tr\u00e8s bonne premi\u00e8re journ\u00e9e \u00e0 la montagne, tout le monde a bien march\u00e9. Et maintenant c&rsquo;est l&rsquo;heure de pr\u00e9parer le repas pour 13 personnes malgr\u00e9 l&rsquo;orage qui ne tarde pas \u00e0 arriver. Les vacances en Charente-Maritime continuent pour les Gonzalez. Ils d\u00eenent au restaurant pour leur premi\u00e8re soir\u00e9e. Chez les Van Der Auwera, c&rsquo;est aussi le moment du repas. C&rsquo;est l&rsquo;occasion pour les enfants de dire \u00e0 leur grand-m\u00e8re ce qu&rsquo;ils font \u00e0 la rentr\u00e9e. Une chose est s\u00fbre avec 11 petits enfants : il faut suivre ! Familles nombreuses : la vie en XXL. Saison 09 \u00c9pisode 100 partie 2<\/p>\n<p><a class=\"shrink-0\" href=\"https:\/\/www.tf1.fr\/tf1\/les-familles-nombreuses-la-vie-en-xxl\" target=\"_blank\" rel=\"noopener\"><img decoding=\"async\" src=\"https:\/\/www.europesays.com\/fr\/wp-content\/uploads\/2025\/05\/1747760056_399_program-card-portrait-1-famille-ballot-3ae008-57ead5-0@1x.jpg\" width=\"138\" height=\"184\" alt=\"\" loading=\"eager\" fetchpriority=\"auto\" class=\"aspect-[3\/4] h-24 w-auto rounded-3px\" aria-hidden=\"true\"\/><\/a><\/p>\n","protected":false},"excerpt":{"rendered":"Ce matin chez la famille Laforce, c&rsquo;est mission tri des fournitures pour la rentr\u00e9e scolaire ! Mamie Janie&hellip;\n","protected":false},"author":2,"featured_media":186312,"comment_status":"","ping_status":"","sticky":false,"template":"","format":"standard","meta":{"footnotes":""},"categories":[1356],"tags":[58,59,1365,21484,4980,21485,1011,27,6163,252,1364,21487,21486],"class_list":{"0":"post-186311","1":"post","2":"type-post","3":"status-publish","4":"format-standard","5":"has-post-thumbnail","7":"category-television","8":"tag-divertissement","9":"tag-entertainment","10":"tag-episode","11":"tag-episode-familles-nombreuses-la-vie-en-xxl","12":"tag-familles-nombreuses-la-vie-en-xxl","13":"tag-familles-nombreuses-la-vie-en-xxl-episode","14":"tag-fr","15":"tag-france","16":"tag-streaming-familles-nombreuses-la-vie-en-xxl","17":"tag-television","18":"tag-tv","19":"tag-video-en-streaming-familles-nombreuses-la-vie-en-xxl","20":"tag-video-familles-nombreuses-la-vie-en-xxl"},"share_on_mastodon":{"url":"https:\/\/pubeurope.com\/@fr\/114705382019732345","error":""},"_links":{"self":[{"href":"https:\/\/www.europesays.com\/fr\/wp-json\/wp\/v2\/posts\/186311","targetHints":{"allow":["GET"]}}],"collection":[{"href":"https:\/\/www.europesays.com\/fr\/wp-json\/wp\/v2\/posts"}],"about":[{"href":"https:\/\/www.europesays.com\/fr\/wp-json\/wp\/v2\/types\/post"}],"author":[{"embeddable":true,"href":"https:\/\/www.europesays.com\/fr\/wp-json\/wp\/v2\/users\/2"}],"replies":[{"embeddable":true,"href":"https:\/\/www.europesays.com\/fr\/wp-json\/wp\/v2\/comments?post=186311"}],"version-history":[{"count":0,"href":"https:\/\/www.europesays.com\/fr\/wp-json\/wp\/v2\/posts\/186311\/revisions"}],"wp:featuredmedia":[{"embeddable":true,"href":"https:\/\/www.europesays.com\/fr\/wp-json\/wp\/v2\/media\/186312"}],"wp:attachment":[{"href":"https:\/\/www.europesays.com\/fr\/wp-json\/wp\/v2\/media?parent=186311"}],"wp:term":[{"taxonomy":"category","embeddable":true,"href":"https:\/\/www.europesays.com\/fr\/wp-json\/wp\/v2\/categories?post=186311"},{"taxonomy":"post_tag","embeddable":true,"href":"https:\/\/www.europesays.com\/fr\/wp-json\/wp\/v2\/tags?post=186311"}],"curies":[{"name":"wp","href":"https:\/\/api.w.org\/{rel}","templated":true}]}}