{"id":186316,"date":"2025-06-18T16:48:12","date_gmt":"2025-06-18T16:48:12","guid":{"rendered":"https:\/\/www.europesays.com\/fr\/186316\/"},"modified":"2025-06-18T16:48:12","modified_gmt":"2025-06-18T16:48:12","slug":"la-fin-des-biopsies-douloureuses-ce-patch-aux-nanoaiguilles-remplace-le-scalpel-pour-diagnostiquer-un-cancer","status":"publish","type":"post","link":"https:\/\/www.europesays.com\/fr\/186316\/","title":{"rendered":"\u201cLa fin des biopsies douloureuses\u201d\u00a0: ce patch aux nanoaiguilles remplace le scalpel pour diagnostiquer un cancer"},"content":{"rendered":"<p class=\"ed__a-p ed__bdy__l\">Fini les aiguilles, les d\u00e9coupes et les cicatrices&#8230; Une \u00e9quipe de chercheurs du King\u2019s College London vient de d\u00e9voiler un patch aussi discret qu\u2019ultra-technologique : une matrice de millions de nanoneedles, ou nanoaiguilles, capables de pr\u00e9lever des informations mol\u00e9culaires directement sur la peau, sans endommager le tissu.<\/p>\n<p>        Publicit\u00e9, votre contenu continue ci-dessous<\/p>\n<p class=\"ed__a-p ed__bdy__l\">Mille fois plus fines qu\u2019un cheveu, elles traversent \u00e0 peine la surface des cellules, mais suffisent \u00e0 recueillir des donn\u00e9es cl\u00e9s sur des maladies complexes comme le cancer ou Alzheimer.<\/p>\n<p>Un patch aux nanocapteurs pour remplacer les biopsies douloureuses<\/p>\n<p class=\"ed__a-p ed__bdy__l\">\u201cC\u2019est notre avanc\u00e9e la plus prometteuse\u201d, confie le Dr Ciro Chiappini, responsable de l\u2019\u00e9tude publi\u00e9e dans Nature Nanotechnology. Douze ans de recherches en nano-ing\u00e9nierie pour aboutir \u00e0 cette innovation, fruit d\u2019une collaboration internationale m\u00ealant biologie cellulaire, oncologie et intelligence artificielle.<\/p>\n<p class=\"ed__a-p ed__bdy__l\">Contrairement \u00e0 une biopsie classique qui pr\u00e9l\u00e8ve un fragment de tissu (avec les douleurs, les risques et les d\u00e9lais associ\u00e9s), ce patch collecte les \u201cempreintes mol\u00e9culaires\u201d des cellules \u2014 lipides, prot\u00e9ines, ARN messager \u2014 puis les analyse en temps r\u00e9el gr\u00e2ce \u00e0 une combinaison d\u2019IA et de spectrom\u00e9trie de masse. R\u00e9sultat : un diagnostic en moins de vingt minutes, sans retirer une seule cellule vivante.<\/p>\n<p class=\"ed__a-p ed__bdy__l\">Cette technologie ouvre la voie \u00e0 un suivi m\u00e9dical plus pr\u00e9cis, plus fr\u00e9quent&#8230; et bien plus humain. Dans le cas d\u2019une chirurgie c\u00e9r\u00e9brale par exemple, elle pourrait permettre de d\u00e9cider, en temps r\u00e9el, s\u2019il faut retirer ou non une zone suspecte. Une d\u00e9cision vitale, souvent prise dans l\u2019urgence, et jusqu\u2019ici bas\u00e9e sur des analyses diff\u00e9r\u00e9es.<\/p>\n<p class=\"ed__a-p ed__bdy__l\">Encore au stade pr\u00e9clinique, le patch a d\u00e9j\u00e0 fait ses preuves sur des tissus humains et des mod\u00e8les murins. \u00c0 terme, on l\u2019imagine int\u00e9gr\u00e9 \u00e0 des lentilles de contact, des pansements intelligents ou des outils chirurgicaux. Et comme sa fabrication repose sur les m\u00eames techniques que les puces \u00e9lectroniques, son industrialisation semble \u00e0 port\u00e9e de main.<\/p>\n<p>        Publicit\u00e9, votre contenu continue ci-dessous<\/p>\n","protected":false},"excerpt":{"rendered":"Fini les aiguilles, les d\u00e9coupes et les cicatrices&#8230; Une \u00e9quipe de chercheurs du King\u2019s College London vient de&hellip;\n","protected":false},"author":2,"featured_media":186317,"comment_status":"","ping_status":"","sticky":false,"template":"","format":"standard","meta":{"footnotes":""},"categories":[10],"tags":[1011,27,72,71],"class_list":{"0":"post-186316","1":"post","2":"type-post","3":"status-publish","4":"format-standard","5":"has-post-thumbnail","7":"category-sante","8":"tag-fr","9":"tag-france","10":"tag-health","11":"tag-sante"},"share_on_mastodon":{"url":"https:\/\/pubeurope.com\/@fr\/114705393593669298","error":""},"_links":{"self":[{"href":"https:\/\/www.europesays.com\/fr\/wp-json\/wp\/v2\/posts\/186316","targetHints":{"allow":["GET"]}}],"collection":[{"href":"https:\/\/www.europesays.com\/fr\/wp-json\/wp\/v2\/posts"}],"about":[{"href":"https:\/\/www.europesays.com\/fr\/wp-json\/wp\/v2\/types\/post"}],"author":[{"embeddable":true,"href":"https:\/\/www.europesays.com\/fr\/wp-json\/wp\/v2\/users\/2"}],"replies":[{"embeddable":true,"href":"https:\/\/www.europesays.com\/fr\/wp-json\/wp\/v2\/comments?post=186316"}],"version-history":[{"count":0,"href":"https:\/\/www.europesays.com\/fr\/wp-json\/wp\/v2\/posts\/186316\/revisions"}],"wp:featuredmedia":[{"embeddable":true,"href":"https:\/\/www.europesays.com\/fr\/wp-json\/wp\/v2\/media\/186317"}],"wp:attachment":[{"href":"https:\/\/www.europesays.com\/fr\/wp-json\/wp\/v2\/media?parent=186316"}],"wp:term":[{"taxonomy":"category","embeddable":true,"href":"https:\/\/www.europesays.com\/fr\/wp-json\/wp\/v2\/categories?post=186316"},{"taxonomy":"post_tag","embeddable":true,"href":"https:\/\/www.europesays.com\/fr\/wp-json\/wp\/v2\/tags?post=186316"}],"curies":[{"name":"wp","href":"https:\/\/api.w.org\/{rel}","templated":true}]}}