{"id":186318,"date":"2025-06-18T16:49:09","date_gmt":"2025-06-18T16:49:09","guid":{"rendered":"https:\/\/www.europesays.com\/fr\/186318\/"},"modified":"2025-06-18T16:49:09","modified_gmt":"2025-06-18T16:49:09","slug":"om-oui-jai-pu-avoir-une-attitude-limite-avoue-florian-thauvin","status":"publish","type":"post","link":"https:\/\/www.europesays.com\/fr\/186318\/","title":{"rendered":"OM. \u00ab\u00a0Oui, j&rsquo;ai pu avoir une attitude limite&#8230;\u00a0\u00bb, avoue Florian Thauvin"},"content":{"rendered":"<p>Voil\u00e0 quatre ans que Florian Thauvin <a href=\"https:\/\/www.laprovence.com\/actu\/en-direct\/6346866\/mercato-cest-officiel-florian-thauvin-quitte-lom-et-sengage-aux-tigres-pour-cinq-ans.html\" target=\"_blank\" rel=\"nofollow noopener\">a quitt\u00e9 l&rsquo;OM<\/a>. Apr\u00e8s 281 apparitions lors desquelles il a sign\u00e9 86 buts et 61 passes d\u00e9cisives, l&rsquo;ailier s&rsquo;\u00e9tait envol\u00e9 pour le Mexique en des termes qui n&rsquo;avait gu\u00e8re plu au public marseillais. Ce mercredi, une <a href=\"https:\/\/www.lequipe.fr\/France-Football\/Article\/Florian-thauvin-j-aimerais-jouer-jusqu-a-40-ans\/1569073\" target=\"_blank\" rel=\"nofollow noopener\">interview de l&rsquo;ex-num\u00e9ro 26 olympien dans France Football<\/a> d\u00e9voile que l\u00e0-bas, il avait finalement \u00ab\u00a0touch\u00e9 le fond\u00a0\u00bb. \u00ab\u00a0Puis le jour o\u00f9 je laisse les miens pour Udine, \u00e7&rsquo;a \u00e9t\u00e9 tr\u00e8s, tr\u00e8s compliqu\u00e9. Je n&rsquo;arrivais pas \u00e0 g\u00e9rer mes \u00e9motions. \u00c0 mon r\u00e9veil, je vais aux toilettes, mon fils monte et je baisse la t\u00eate pour qu&rsquo;il ne voie pas mes larmes. J&rsquo;ai pleur\u00e9 pendant presque quatre heures\u00a0\u00bb, confie-t-il \u00e0 nos confr\u00e8res.<\/p>\n<p>\u00ab\u00a0J&rsquo;ai ma part de responsabilit\u00e9s\u00a0\u00bb<\/p>\n<p>Finalement, num\u00e9ro 10 dans le dos et brassard autour du bras, <a href=\"https:\/\/www.laprovence.com\/article\/om\/9548807451198614\/om-la-vie-des-ex-la-renaissance-de-florian-thauvin\" target=\"_blank\" rel=\"nofollow noopener\">Flotov a trouv\u00e9 une terre de renaissance<\/a> avec l&rsquo;Udinese qu&rsquo;il a rejointe en 2023. Plus apais\u00e9, il revient aujourd&rsquo;hui sans concession sur ses erreurs et sur la r\u00e9putation qui lui a longtemps coll\u00e9 \u00e0 la peau.<\/p>\n<p>\u00ab\u00a0Je suis convaincu qu&rsquo;on a \u00e9t\u00e9 trop dur avec moi. D\u00e8s le d\u00e9but, on s&rsquo;est tromp\u00e9 \u00e0 mon sujet avec l&rsquo;\u00e9pisode de Lille. \u00c9videmment, aller au clash avec son club et ne plus s&rsquo;entra\u00eener n&rsquo;est pas la meilleure solution, mais j&rsquo;ai \u00e9t\u00e9 aspir\u00e9 par le syst\u00e8me et je n&rsquo;avais ni l&rsquo;exp\u00e9rience ni les personnes autour de moi pour m&rsquo;aider. Par la suite, oui, j&rsquo;ai pu avoir aussi une attitude limite, mal parler, des r\u00e9actions \u00e0 chaud, caract\u00e9rielles. Je suis tr\u00e8s \u00e9motif. Et j&rsquo;ai ma part de responsabilit\u00e9. Mais on apprend de ses erreurs. Je ne me suis pas cru au-dessus des autres mais, quand je suis en d\u00e9saccord, je n&rsquo;ai pas ma langue dans ma poche\u00a0\u00bb, a-t-il l\u00e2ch\u00e9.<\/p>\n<p>\u00ab\u00a0Je me suis fait avoir, on m&rsquo;a trahi\u00a0\u00bb<\/p>\n<p>Thauvin a tenu \u00e0 r\u00e9gler des comptes avec ses d\u00e9tracteurs qui furent nombreux par le pass\u00e9. Il souligne notamment son titre de champion du monde 2018 et rappelle sa m\u00e9morable saison 2017-2018 (26 buts, 18 passes avec l&rsquo;OM). \u00ab\u00a0Je fais partie de l&rsquo;histoire du football fran\u00e7ais. Je suis dans le top 15\u00a0(13e, juste devant son ex-co\u00e9quipier Dimitri Payet) des meilleurs buteurs de l&rsquo;OM. Ce n&rsquo;est pas rien, m\u00eame si mon grand regret est de ne pas avoir remport\u00e9 de troph\u00e9e avec Marseille. Je n&rsquo;ai pas besoin qu&rsquo;on m&rsquo;aime, je veux qu&rsquo;on soit juste avec moi.\u00a0\u00bb<\/p>\n<p>Et l&rsquo;international fran\u00e7ais d&rsquo;en profiter pour rappeler quelques anecdotes de ses ann\u00e9es marseillaises, comme sa <a href=\"https:\/\/www.laprovence.com\/actu\/en-direct\/6361119\/video-om-jaurais-aime-que-thauvin-reste-mandanda.html\" target=\"_blank\" rel=\"nofollow noopener\">grande amiti\u00e9 avec Steve Mandanda<\/a>. \u00ab\u00a0Steve,\u00a0quand il se blesse juste avant la Coupe du monde 2014\u00a0(lors de l&rsquo;ultime journ\u00e9e de L1), c&rsquo;est comme si c&rsquo;\u00e9tait moi qui m&rsquo;\u00e9tais bless\u00e9. (&#8230;)\u00a0C&rsquo;est dur de trouver les mots.\u00a0\u00ab\u00a0T&rsquo;as besoin de quoi, je t&rsquo;apporte \u00e0 manger, je vais te chercher un truc, des habits\u00a0?\u00a0\u00bb On regarde un film, on se raconte des histoires, jusqu&rsquo;\u00e0 ce que le sommeil nous emporte. J&rsquo;ai dormi sur un brancard \u00e0 c\u00f4t\u00e9 de lui, conte l&rsquo;attaquant. C&rsquo;est aussi ce qui m&rsquo;a valu de commettre des erreurs avec mon entourage. On a profit\u00e9 de ma gentillesse, je me suis fait avoir et on m&rsquo;a trahi. Mais sans regret car j&rsquo;estime avoir agi avec le c\u0153ur.\u00a0\u00bb poursuit-il sans citer de nom.<\/p>\n<p>Le fou rire apr\u00e8s le coup de pied d&rsquo;Evra<\/p>\n<p>Thauvin a conclu par l&rsquo;un des plus marquants de ses souvenirs olympiens, <a href=\"https:\/\/www.laprovence.com\/article\/om\/4693528\/evra-mis-a-pied-et-apres.html\" target=\"_blank\" rel=\"nofollow noopener\">le high-kick de Patrice Evra \u00e0 un supporter de l&rsquo;OM<\/a> avant le match face \u00e0 Guimaraes en Ligue Europa.\u00a0\u00ab\u00a0Pat&rsquo;, le jour o\u00f9 il met son coup de pied,\u00a0on \u00e9tait mont\u00e9 parler dans sa chambre avec Steve. Et Pat&rsquo; racontait\u00a0:\u00a0\u00ab\u00a0Parfois, j&rsquo;ai l&rsquo;impression que le diable vient \u00e0 l&rsquo;int\u00e9rieur de moi, j&rsquo;ai des r\u00e9actions bizarres.\u00a0\u00bb<\/p>\n<p>Donc ensuite quand il fait ce geste, avec Steve on se regarde et on se comprend. Quand on revient dans le vestiaire, on va voir \u00c9vra et, m\u00eame si la situation est chaotique avec ce qu&rsquo;il vient de se passer, on ne peut pas s&#8217;emp\u00eacher de partir en fou rire.\u00a0\u00ab\u00a0Mais Pat&rsquo;, l\u00e0, en fait, le diable s&rsquo;est empar\u00e9 de ton corps&#8230;\u00a0\u00bb<\/p>\n<p>Comme sa propre exp\u00e9rience, la renomm\u00e9e de Flotov est elle aussi contrast\u00e9e aupr\u00e8s du public marseillais et m\u00eame fran\u00e7ais. En tout cas, il ne laisse personne indiff\u00e9rent, et si c&rsquo;\u00e9tait \u00e7a, le propre d&rsquo;un joueur marquant de l&rsquo;OM ?<\/p>\n","protected":false},"excerpt":{"rendered":"Voil\u00e0 quatre ans que Florian Thauvin a quitt\u00e9 l&rsquo;OM. Apr\u00e8s 281 apparitions lors desquelles il a sign\u00e9 86&hellip;\n","protected":false},"author":2,"featured_media":186319,"comment_status":"","ping_status":"","sticky":false,"template":"","format":"standard","meta":{"footnotes":""},"categories":[9],"tags":[17,20095,6661,1011,27,391,23791,149,6283,60,96],"class_list":{"0":"post-186318","1":"post","2":"type-post","3":"status-publish","4":"format-standard","5":"has-post-thumbnail","7":"category-sports","8":"tag-17","9":"tag-attitude","10":"tag-avoir","11":"tag-fr","12":"tag-france","13":"tag-jai","14":"tag-limite","15":"tag-om","16":"tag-oui","17":"tag-sports","18":"tag-une"},"share_on_mastodon":{"url":"https:\/\/pubeurope.com\/@fr\/114705397506909066","error":""},"_links":{"self":[{"href":"https:\/\/www.europesays.com\/fr\/wp-json\/wp\/v2\/posts\/186318","targetHints":{"allow":["GET"]}}],"collection":[{"href":"https:\/\/www.europesays.com\/fr\/wp-json\/wp\/v2\/posts"}],"about":[{"href":"https:\/\/www.europesays.com\/fr\/wp-json\/wp\/v2\/types\/post"}],"author":[{"embeddable":true,"href":"https:\/\/www.europesays.com\/fr\/wp-json\/wp\/v2\/users\/2"}],"replies":[{"embeddable":true,"href":"https:\/\/www.europesays.com\/fr\/wp-json\/wp\/v2\/comments?post=186318"}],"version-history":[{"count":0,"href":"https:\/\/www.europesays.com\/fr\/wp-json\/wp\/v2\/posts\/186318\/revisions"}],"wp:featuredmedia":[{"embeddable":true,"href":"https:\/\/www.europesays.com\/fr\/wp-json\/wp\/v2\/media\/186319"}],"wp:attachment":[{"href":"https:\/\/www.europesays.com\/fr\/wp-json\/wp\/v2\/media?parent=186318"}],"wp:term":[{"taxonomy":"category","embeddable":true,"href":"https:\/\/www.europesays.com\/fr\/wp-json\/wp\/v2\/categories?post=186318"},{"taxonomy":"post_tag","embeddable":true,"href":"https:\/\/www.europesays.com\/fr\/wp-json\/wp\/v2\/tags?post=186318"}],"curies":[{"name":"wp","href":"https:\/\/api.w.org\/{rel}","templated":true}]}}