{"id":186326,"date":"2025-06-18T16:53:10","date_gmt":"2025-06-18T16:53:10","guid":{"rendered":"https:\/\/www.europesays.com\/fr\/186326\/"},"modified":"2025-06-18T16:53:10","modified_gmt":"2025-06-18T16:53:10","slug":"la-louisiane-interdit-lavortement-dune-enfant-de-9-ans-apres-un-viol-on-vous-explique","status":"publish","type":"post","link":"https:\/\/www.europesays.com\/fr\/186326\/","title":{"rendered":"La Louisiane interdit l\u2019avortement d\u2019une enfant de 9 ans apr\u00e8s un viol\u00a0? On vous explique"},"content":{"rendered":"<p>L\u2019histoire a beaucoup fait parler chez les internautes <a href=\"https:\/\/www.20minutes.fr\/monde\/etats-unis\/\" class=\"color-ultramarine c-link\" target=\"_blank\" rel=\"noopener\">am\u00e9ricains<\/a>, avant d\u2019\u00eatre partag\u00e9e par des comptes francophones. Selon plusieurs publications, l\u2019Etat de Louisiane aurait interdit l\u2019<a href=\"https:\/\/www.20minutes.fr\/dossier\/avortement\" class=\"color-ultramarine c-link\" target=\"_blank\" rel=\"noopener\">avortement <\/a>d\u2019une enfant de 9 ans, enceinte apr\u00e8s un <a href=\"https:\/\/www.20minutes.fr\/societe\/violences-sexuelles-sexistes\/\" class=\"color-ultramarine c-link\" target=\"_blank\" rel=\"noopener\">viol<\/a>.<\/p>\n<p>C\u2019est ce qu\u2019on peut par exemple lire dans une publication partag\u00e9e sur Instagram et lik\u00e9e par pr\u00e8s de 20.000 personnes\u00a0: \u00ab\u00a09 ans. La Louisiane refuse une IVG \u00e0 une enfant viol\u00e9e. Aucun passe-droit\u00a0: les l\u00e9gislateurs de cet \u00e9tat ultra r\u00e9pressif ont rejet\u00e9 la demande d\u2019interruption de grossesse.\u00a0\u00bb La description du post indique quant \u00e0 elle\u00a0: \u00ab\u00a0Z\u00e9ro exception. L\u2019\u00e2ge de la victime du viol n\u2019a pas fait plier les \u00e9lus de Louisiane, l\u2019enfant de 9 ans devra porter le b\u00e9b\u00e9 jusqu\u2019au terme de la grossesse.\u00a0\u00bb<\/p>\n<p><img decoding=\"async\" alt=\"La publication suscit\u00e9 de nombreuses r\u00e9actions sur Instagram.\" class=\"c-img\" loading=\"lazy\" fetchpriority=\"auto\" width=\"718\"  src=\"https:\/\/img.20mn.fr\/cFj958rzRkqjHU1nKKm4oSk\/718x0\" \/>La publication suscit\u00e9 de nombreuses r\u00e9actions sur Instagram.\u2002-\u00a0Capture d&rsquo;\u00e9cranFAKE OFF<\/p>\n<p>Cette mani\u00e8re de pr\u00e9senter l\u2019affaire n\u2019est pas totalement exacte, mais trouve sa source dans une r\u00e9cente d\u00e9cision, bien r\u00e9elle, des \u00e9lus de la chambre des repr\u00e9sentants de Louisiane. Mardi 3\u00a0juin, cet Etat du sud des Etats-Unis a en effet rejet\u00e9, pour la troisi\u00e8me ann\u00e9e cons\u00e9cutive, un projet de loi qui pr\u00e9voyait des exceptions \u00e0 l\u2019interdiction de l\u2019avortement, en vigueur <a href=\"https:\/\/www.20minutes.fr\/monde\/3282927-20220504-etats-unis-consequences-retour-cinquante-ans-arriere-avortement\" class=\"color-ultramarine c-link\" target=\"_blank\" rel=\"noopener\">depuis\u00a02022<\/a>. Comme le rapportent <a href=\"https:\/\/apnews.com\/article\/louisiana-abortion-rape-exception-de8097eb664362941167c92d6ad356db\" rel=\"nofollow noopener\" target=\"_blank\" class=\"color-ultramarine c-link\">les m\u00e9dias am\u00e9ricains<\/a>, la proposition de loi aurait notamment permis aux jeunes filles de moins de 17 ans, enceintes \u00e0 la suite d\u2019une infraction sexuelle, d\u2019avoir recours \u00e0 l\u2019avortement.<\/p>\n<p>L\u2019information telle qu\u2019elle circule sur les r\u00e9seaux sociaux tient en fait \u00e0 une mauvaise interpr\u00e9tation d\u2019un \u00e9v\u00e8nement qui s\u2019est d\u00e9roul\u00e9 lors des discussions \u00e0 la Chambre des repr\u00e9sentants. Patricia Moore, repr\u00e9sentante d\u00e9mocrate, a \u00e9voqu\u00e9 le cas d\u2019une fillette de 9 ans, enceinte, alors qu\u2019elle argumentait sur la difficult\u00e9 de prendre une d\u00e9cision au regard de ses convictions religieuses (extrait disponible <a href=\"https:\/\/house.louisiana.gov\/H_Video\/VideoArchivePlayer?v=house\/2025\/Jun\/0603_25_CJ\" target=\"_blank\" class=\"color-ultramarine c-link\" rel=\"noopener\">ici<\/a>, vers 38\u201957). Par la suite, le projet de loi a \u00e9t\u00e9 largement rejet\u00e9, \u00e0 trois voix contre neuf. Le vote ne portait pas sp\u00e9cifiquement sur le cas particulier d\u2019une fillette de 9 ans enceinte, bien qu\u2019il a eu pour cons\u00e9quence de ne toujours pas autoriser l\u2019avortement dans ces cas de figure.<\/p>\n<\/p>\n<p>Comme le rapporte le m\u00e9dia de v\u00e9rification am\u00e9ricain <a href=\"https:\/\/www.snopes.com\/fact-check\/louisiana-abortion-law-vote\/\" rel=\"nofollow noopener\" target=\"_blank\" class=\"color-ultramarine c-link\">Snopes<\/a>, l\u2019\u00e9lue a pr\u00e9cis\u00e9 qu\u2019elle avait \u00e9t\u00e9 mise au courant de cette situation l\u2019ann\u00e9e derni\u00e8re, sans toutefois avoir eu connaissance du nom de l\u2019enfant, mais en indiquant qu\u2019elle vivait dans le comt\u00e9 de Morehouse, en Lousiane.<\/p>\n<p>Par ailleurs, Patricia Moore a elle-m\u00eame vot\u00e9 contre le projet de loi, mettant en avant ses convictions religieuses. Elle avait \u00e9galement mentionn\u00e9 le fait que sa propre m\u00e8re avait \u00e9t\u00e9 viol\u00e9e \u00e0 13 ans, et avait accouch\u00e9 \u00e0 14, ajoutant\u00a0: \u00ab\u00a0J\u2019ai donc du mal \u00e0 accepter cette situation. Je sais que nous devons prot\u00e9ger nos enfants, mais \u00e0 ce stade, je ne peux pas voter pour.\u00a0\u00bb<\/p>\n","protected":false},"excerpt":{"rendered":"L\u2019histoire a beaucoup fait parler chez les internautes am\u00e9ricains, avant d\u2019\u00eatre partag\u00e9e par des comptes francophones. Selon plusieurs&hellip;\n","protected":false},"author":2,"featured_media":186327,"comment_status":"","ping_status":"","sticky":false,"template":"","format":"standard","meta":{"footnotes":""},"categories":[5],"tags":[47,11,475,73,840,1011,27,14,74,12,799,28],"class_list":{"0":"post-186326","1":"post","2":"type-post","3":"status-publish","4":"format-standard","5":"has-post-thumbnail","7":"category-international","8":"tag-actualite","9":"tag-actualites","10":"tag-avortement","11":"tag-etats-unis","12":"tag-fake-off","13":"tag-fr","14":"tag-france","15":"tag-international","16":"tag-monde","17":"tag-news","18":"tag-violences-sexuelles","19":"tag-world"},"share_on_mastodon":{"url":"https:\/\/pubeurope.com\/@fr\/114705413129197670","error":""},"_links":{"self":[{"href":"https:\/\/www.europesays.com\/fr\/wp-json\/wp\/v2\/posts\/186326","targetHints":{"allow":["GET"]}}],"collection":[{"href":"https:\/\/www.europesays.com\/fr\/wp-json\/wp\/v2\/posts"}],"about":[{"href":"https:\/\/www.europesays.com\/fr\/wp-json\/wp\/v2\/types\/post"}],"author":[{"embeddable":true,"href":"https:\/\/www.europesays.com\/fr\/wp-json\/wp\/v2\/users\/2"}],"replies":[{"embeddable":true,"href":"https:\/\/www.europesays.com\/fr\/wp-json\/wp\/v2\/comments?post=186326"}],"version-history":[{"count":0,"href":"https:\/\/www.europesays.com\/fr\/wp-json\/wp\/v2\/posts\/186326\/revisions"}],"wp:featuredmedia":[{"embeddable":true,"href":"https:\/\/www.europesays.com\/fr\/wp-json\/wp\/v2\/media\/186327"}],"wp:attachment":[{"href":"https:\/\/www.europesays.com\/fr\/wp-json\/wp\/v2\/media?parent=186326"}],"wp:term":[{"taxonomy":"category","embeddable":true,"href":"https:\/\/www.europesays.com\/fr\/wp-json\/wp\/v2\/categories?post=186326"},{"taxonomy":"post_tag","embeddable":true,"href":"https:\/\/www.europesays.com\/fr\/wp-json\/wp\/v2\/tags?post=186326"}],"curies":[{"name":"wp","href":"https:\/\/api.w.org\/{rel}","templated":true}]}}