{"id":186332,"date":"2025-06-18T16:56:11","date_gmt":"2025-06-18T16:56:11","guid":{"rendered":"https:\/\/www.europesays.com\/fr\/186332\/"},"modified":"2025-06-18T16:56:11","modified_gmt":"2025-06-18T16:56:11","slug":"loire-a-saint-chamond-apres-une-altercation-dans-un-bus-une-trentenaire-insulte-des-policiers","status":"publish","type":"post","link":"https:\/\/www.europesays.com\/fr\/186332\/","title":{"rendered":"Loire. \u00c0 Saint-Chamond, apr\u00e8s une altercation dans un bus, une trentenaire insulte des policiers"},"content":{"rendered":"<p>Lundi \u00e0 16\u00a0h\u00a030, un \u00e9quipage de police, appel\u00e9 par un chauffeur de bus, est intervenu dans le quartier de La Varizelle \u00e0 Saint-Chamond. Deux femmes \u00e9taient en train de s\u2019invectiver bruyamment dans le v\u00e9hicule. Si \u00e0 l\u2019arriv\u00e9e des fonctionnaires, l\u2019une s\u2019est rapidement calm\u00e9e, ce n\u2019\u00e9tait pas le cas de la seconde. La Couramiaude de 31 ans, d\u00e9j\u00e0 connue des services pour des faits similaires, a copieusement insult\u00e9 les policiers. Plac\u00e9e en garde \u00e0 vue, elle devait \u00eatre jug\u00e9e, pour outrage et r\u00e9bellion, en comparution imm\u00e9diate, ce mercredi, devant le tribunal correctionnel de Saint-Etienne. Finalement, son audience a \u00e9t\u00e9 renvoy\u00e9e au vendredi 1er \u00a0ao\u00fbt. Elle a \u00e9t\u00e9 plac\u00e9e sous contr\u00f4le judiciaire.<\/p>\n","protected":false},"excerpt":{"rendered":"Lundi \u00e0 16\u00a0h\u00a030, un \u00e9quipage de police, appel\u00e9 par un chauffeur de bus, est intervenu dans le quartier&hellip;\n","protected":false},"author":2,"featured_media":186333,"comment_status":"","ping_status":"","sticky":false,"template":"","format":"standard","meta":{"footnotes":""},"categories":[9653],"tags":[1111,11,2430,271,272,7539,1777,674,274,1011,27,3367,12,25,9669,9670,4001],"class_list":{"0":"post-186332","1":"post","2":"type-post","3":"status-publish","4":"format-standard","5":"has-post-thumbnail","7":"category-saint-etienne","8":"tag-actu","9":"tag-actualites","10":"tag-auvergne-rhone-alpes","11":"tag-crime","12":"tag-delit-et-contravention","13":"tag-edition-loire-sud","14":"tag-eu","15":"tag-europe","16":"tag-faits-divers-justice","17":"tag-fr","18":"tag-france","19":"tag-loire","20":"tag-news","21":"tag-republique-francaise","22":"tag-saint-chamond","23":"tag-saint-chamond-ville","24":"tag-saint-etienne"},"share_on_mastodon":{"url":"https:\/\/pubeurope.com\/@fr\/114705424959324592","error":""},"_links":{"self":[{"href":"https:\/\/www.europesays.com\/fr\/wp-json\/wp\/v2\/posts\/186332","targetHints":{"allow":["GET"]}}],"collection":[{"href":"https:\/\/www.europesays.com\/fr\/wp-json\/wp\/v2\/posts"}],"about":[{"href":"https:\/\/www.europesays.com\/fr\/wp-json\/wp\/v2\/types\/post"}],"author":[{"embeddable":true,"href":"https:\/\/www.europesays.com\/fr\/wp-json\/wp\/v2\/users\/2"}],"replies":[{"embeddable":true,"href":"https:\/\/www.europesays.com\/fr\/wp-json\/wp\/v2\/comments?post=186332"}],"version-history":[{"count":0,"href":"https:\/\/www.europesays.com\/fr\/wp-json\/wp\/v2\/posts\/186332\/revisions"}],"wp:featuredmedia":[{"embeddable":true,"href":"https:\/\/www.europesays.com\/fr\/wp-json\/wp\/v2\/media\/186333"}],"wp:attachment":[{"href":"https:\/\/www.europesays.com\/fr\/wp-json\/wp\/v2\/media?parent=186332"}],"wp:term":[{"taxonomy":"category","embeddable":true,"href":"https:\/\/www.europesays.com\/fr\/wp-json\/wp\/v2\/categories?post=186332"},{"taxonomy":"post_tag","embeddable":true,"href":"https:\/\/www.europesays.com\/fr\/wp-json\/wp\/v2\/tags?post=186332"}],"curies":[{"name":"wp","href":"https:\/\/api.w.org\/{rel}","templated":true}]}}