{"id":186336,"date":"2025-06-18T16:58:11","date_gmt":"2025-06-18T16:58:11","guid":{"rendered":"https:\/\/www.europesays.com\/fr\/186336\/"},"modified":"2025-06-18T16:58:11","modified_gmt":"2025-06-18T16:58:11","slug":"video-on-vous-fait-decouvrir-la-nouvelle-grande-mosquee-de-nancy","status":"publish","type":"post","link":"https:\/\/www.europesays.com\/fr\/186336\/","title":{"rendered":"VIDEO. On vous fait d\u00e9couvrir la nouvelle grande mosqu\u00e9e de Nancy"},"content":{"rendered":"<p>            Par<br \/>\n        <strong><br \/>\n            <a href=\"https:\/\/actu.fr\/auteur\/pierre-emile-bouchy-actu-fr\" title=\"Consulter tous les articles de Paul-Emile Bouchy\" rel=\"nofollow noopener\" target=\"_blank\">Paul-Emile Bouchy<\/a><br \/>\n        <\/strong><\/p>\n<p>        Publi\u00e9 le<\/p>\n<p>            18 juin 2025 \u00e0 18h43        <\/p>\n<p>Lundi 2\u00a0juin, <strong>la nouvelle grande mosqu\u00e9e<\/strong> <strong>de Nancy a \u00e9t\u00e9 inaugur\u00e9e<\/strong> en pr\u00e9sence des repr\u00e9sentants religieux et des \u00e9lus, dont <a href=\"https:\/\/actu.fr\/tag\/mathieu-klein\" rel=\"nofollow noopener\" target=\"_blank\">Mathieu Klein<\/a> et <strong>Laurent H\u00e9nart<\/strong>, ancien maire de <a href=\"https:\/\/actu.fr\/grand-est\/nancy_54395\" rel=\"nofollow noopener\" target=\"_blank\">Nancy<\/a> et en fonction lorsque ce projet a vu le jour.<\/p>\n<p class=\" wall-content\">Un grand jour pour la communaut\u00e9 musulmane et les habitants du <a href=\"https:\/\/actu.fr\/societe\/ce-quartier-du-grand-nancy-va-continuer-de-se-transformer-voici-ce-qui-est-attendu-en-2025_62326116.html\" rel=\"nofollow noopener\" target=\"_blank\">Plateau de Haye<\/a>. <strong>Aziz Berehil<\/strong>, pr\u00e9sident de l\u2019<strong>association des musulmans du Grand Nancy <\/strong>(AMGN), nous fait visiter les lieux.<\/p>\n<p>\u00c0 Nancy, une mosqu\u00e9e qui peut accueillir 1\u2009300 fid\u00e8les<\/p>\n<p class=\" wall-content\">La construction de la mosqu\u00e9e a d\u00e9but\u00e9 en 2019. \u00ab\u2009\u00c7a repr\u00e9sente <strong>six ans de travail<\/strong>. C\u2019\u00e9tait <strong>une demande forte de la communaut\u00e9<\/strong> qui m\u00e9rite ce lieu\u2009\u00bb, explique Aziz Berehil. Pr\u00e9c\u00e9demment, une seule salle de pri\u00e8re existait dans le centre commercial des Tamaris.<\/p>\n<p class=\" wall-content\">Ce nouveau b\u00e2timent peut accueillir <strong>1\u2009300 fid\u00e8les et est compos\u00e9 de deux niveaux<\/strong>\u2009: le rez-de-chauss\u00e9e pour les hommes et l\u2019\u00e9tage r\u00e9serv\u00e9 aux femmes.<\/p>\n<p class=\" wall-content\">L\u2019accent a \u00e9t\u00e9 mis sur <strong>l\u2019esth\u00e9tique<\/strong>,<strong> m\u00ealant modernit\u00e9 et tradition<\/strong>. \u00ab<strong>\u2009On a travaill\u00e9 avec des artisans du monde entier<\/strong>, par exemple des verres venus de Turquie ou des c\u00e9ramiques faites \u00e0 la main au Maroc. On n\u2019oublie pas les comp\u00e9tences fran\u00e7aises pour le gros \u0153uvre et le suivi du chantier\u2009\u00bb, ajoute-t-il.<\/p>\n<p>Vid\u00e9os : en ce moment sur Actu<\/p>\n<blockquote class=\"tiktok-embed\" cite=\"https:\/\/www.tiktok.com\/@lorraine.actu\/video\/7517329281857375510\" data-video-id=\"7517329281857375510\" data-embed-from=\"oembed\" style=\"max-width:605px; min-width:325px;\"><p>\n<a target=\"_blank\" title=\"@lorraine.actu\" href=\"https:\/\/www.tiktok.com\/@lorraine.actu?refer=embed\" rel=\"nofollow noopener\">@lorraine.actu<\/a> <\/p>\n<p>Lundi 2 juin, la nouvelle grande mosqu\u00e9e de Nancy a \u00e9t\u00e9 inaugur\u00e9e en pr\u00e9sence des repr\u00e9sentants religieux et des \u00e9lus, dont Mathieu Klein et Laurent H\u00e9nart, ancien maire de Nancy et en fonction lorsque ce projet a vu le jour. Un grand jour pour la communaut\u00e9 musulmane et les habitants du Plateau de Haye. Aziz Berehil, pr\u00e9sident de l\u2019association des musulmans du Grand Nancy (AMGN), nous fait visiter les lieux. La construction de la mosqu\u00e9e a d\u00e9but\u00e9 en 2019. \u00ab\u2009\u00c7a repr\u00e9sente six ans de travail. C\u2019\u00e9tait une demande forte de la communaut\u00e9 qui m\u00e9rite ce lieu\u2009\u00bb, explique Aziz Berehil. Pr\u00e9c\u00e9demment, une seule salle de pri\u00e8re existait dans le centre commercial des Tamaris. Ce nouveau b\u00e2timent peut accueillir 1\u2009300 fid\u00e8les et est compos\u00e9 de deux niveaux\u2009: le rez-de-chauss\u00e9e pour les hommes et l\u2019\u00e9tage r\u00e9serv\u00e9 aux femmes. L\u2019accent a \u00e9t\u00e9 mis sur l\u2019esth\u00e9tique, m\u00ealant modernit\u00e9 et tradition. \u00ab\u2009On a travaill\u00e9 avec des artisans du monde entier, par exemple des verres venus de Turquie ou des c\u00e9ramiques faites \u00e0 la main au Maroc. On n\u2019oublie pas les comp\u00e9tences fran\u00e7aises pour le gros \u0153uvre et le suivi du chantier\u2009\u00bb, ajoute-t-il. Avec cette mosqu\u00e9e \u00e9tablie sur un terrain de plus de 3\u2009000 m\u00b2, le pr\u00e9sident de l\u2019AMGN souhaite faire un lieu qui peut accueillir tout le monde, \u00ab\u2009peu importe la religion, qu\u2019on soit croyant ou non\u2009\u00bb. \u00c0 l\u2019avenir, une caf\u00e9t\u00e9ria va y \u00eatre install\u00e9e ou encore une salle de sport. \u00ab\u2009Depuis l\u2019inauguration, beaucoup de gens viennent pour la visiter et nous sommes heureux de les accueillir\u2009\u00bb, conclut-il.<\/p>\n<p> <a target=\"_blank\" title=\"\u266c son original - Lorraine Actu\" href=\"https:\/\/www.tiktok.com\/music\/son-original-7517329281216285462?refer=embed\" rel=\"nofollow noopener\">\u266c son original \u2013 Lorraine Actu<\/a> <\/p>\n<\/blockquote>\n<p>Un lieu ouvert \u00e0 tous les habitants<\/p>\n<p class=\" wall-content\">Avec cette mosqu\u00e9e \u00e9tablie sur un terrain de plus de 3\u2009000 m\u00b2, le pr\u00e9sident de l\u2019AMGN souhaite faire un lieu qui peut <strong>accueillir tout le monde<\/strong>, \u00ab<strong>\u2009peu importe la religion, qu\u2019on soit croyant ou non\u2009<\/strong>\u00bb.<\/p>\n<p>    <img   decoding=\"async\" loading=\"lazy\" src=\"https:\/\/www.europesays.com\/fr\/wp-content\/uploads\/2025\/06\/mosquee-nancy-inauguration-960x640.jpg\" alt=\".\" width=\"960\" height=\"640\"\/><br \/>\n    Si Aziz Berehil (\u00e0 gauche) a men\u00e9 la construction de la mosqu\u00e9e, le projet a \u00e9t\u00e9 lanc\u00e9 par l\u2019ancien pr\u00e9sident de l\u2019association des musulmans du Grand Nancy (\u00e0 droite). (\u00a9Paul-Emile Bouchy \/ Lorraine Actu)<\/p>\n<p class=\" wall-content\">\u00c0 l\u2019avenir, <strong>une caf\u00e9t\u00e9ria va y \u00eatre install\u00e9e ou encore une salle de sport<\/strong>. \u00ab\u2009Depuis l\u2019inauguration, beaucoup de gens viennent pour la visiter et nous sommes heureux de les accueillir\u2009\u00bb, conclut-il.<\/p>\n<p>Grande Mosqu\u00e9e de Nancy<br \/>10 rue Dominique Louis \u00e0 Nancy<br \/>Ouverture de 13h20 \u00e0 14h20 et de 18h \u00e0 21h<\/p>\n<p class=\" wall-content\">Suivez toute l\u2019actualit\u00e9 de vos villes et m\u00e9dias favoris en vous inscrivant \u00e0 <a href=\"https:\/\/moncompte.actu.fr\" title=\"D\u00e9couvez Mon Actu\" rel=\"nofollow noopener\" data-trk=\"{&quot;cta&quot;:{&quot;action&quot;:&quot;https:\\\/\\\/moncompte.actu.fr&quot;,&quot;category&quot;:&quot;mon compte&quot;,&quot;from&quot;:&quot;article footer&quot;,&quot;name&quot;:&quot;Mon actu&quot;,&quot;type&quot;:&quot;cta&quot;}}\" target=\"_blank\">Mon Actu<\/a>.<\/p>\n<p>                    <script async src=\"\/\/www.tiktok.com\/embed.js\"><\/script><\/p>\n","protected":false},"excerpt":{"rendered":"Par Paul-Emile Bouchy Publi\u00e9 le 18 juin 2025 \u00e0 18h43 Lundi 2\u00a0juin, la nouvelle grande mosqu\u00e9e de Nancy&hellip;\n","protected":false},"author":2,"featured_media":186337,"comment_status":"","ping_status":"","sticky":false,"template":"","format":"standard","meta":{"footnotes":""},"categories":[9635],"tags":[1111,11,1777,674,1011,27,775,5318,1702,12,4020,25,104],"class_list":{"0":"post-186336","1":"post","2":"type-post","3":"status-publish","4":"format-standard","5":"has-post-thumbnail","7":"category-nancy","8":"tag-actu","9":"tag-actualites","10":"tag-eu","11":"tag-europe","12":"tag-fr","13":"tag-france","14":"tag-grand-est","15":"tag-islam","16":"tag-nancy","17":"tag-news","18":"tag-religion","19":"tag-republique-francaise","20":"tag-societe"},"share_on_mastodon":{"url":"https:\/\/pubeurope.com\/@fr\/114705432878533628","error":""},"_links":{"self":[{"href":"https:\/\/www.europesays.com\/fr\/wp-json\/wp\/v2\/posts\/186336","targetHints":{"allow":["GET"]}}],"collection":[{"href":"https:\/\/www.europesays.com\/fr\/wp-json\/wp\/v2\/posts"}],"about":[{"href":"https:\/\/www.europesays.com\/fr\/wp-json\/wp\/v2\/types\/post"}],"author":[{"embeddable":true,"href":"https:\/\/www.europesays.com\/fr\/wp-json\/wp\/v2\/users\/2"}],"replies":[{"embeddable":true,"href":"https:\/\/www.europesays.com\/fr\/wp-json\/wp\/v2\/comments?post=186336"}],"version-history":[{"count":0,"href":"https:\/\/www.europesays.com\/fr\/wp-json\/wp\/v2\/posts\/186336\/revisions"}],"wp:featuredmedia":[{"embeddable":true,"href":"https:\/\/www.europesays.com\/fr\/wp-json\/wp\/v2\/media\/186337"}],"wp:attachment":[{"href":"https:\/\/www.europesays.com\/fr\/wp-json\/wp\/v2\/media?parent=186336"}],"wp:term":[{"taxonomy":"category","embeddable":true,"href":"https:\/\/www.europesays.com\/fr\/wp-json\/wp\/v2\/categories?post=186336"},{"taxonomy":"post_tag","embeddable":true,"href":"https:\/\/www.europesays.com\/fr\/wp-json\/wp\/v2\/tags?post=186336"}],"curies":[{"name":"wp","href":"https:\/\/api.w.org\/{rel}","templated":true}]}}