{"id":186339,"date":"2025-06-18T17:00:10","date_gmt":"2025-06-18T17:00:10","guid":{"rendered":"https:\/\/www.europesays.com\/fr\/186339\/"},"modified":"2025-06-18T17:00:10","modified_gmt":"2025-06-18T17:00:10","slug":"sans-abri-battu-a-mort-a-toulon-par-un-autre-sdf-22-ans-de-reclusion","status":"publish","type":"post","link":"https:\/\/www.europesays.com\/fr\/186339\/","title":{"rendered":"Sans-abri battu \u00e0 mort \u00e0 Toulon par un autre SDF: 22 ans de r\u00e9clusion"},"content":{"rendered":"<p>Le regard las, les \u00e9paules affaiss\u00e9es, Anthony Jung a travers\u00e9 son proc\u00e8s tel le fant\u00f4me qu\u2019il est depuis des ann\u00e9es d\u00e9j\u00e0. Une de ces ombres qui hantent nos trottoirs, invisibles et ind\u00e9sirables.<\/p>\n<p>Un sans-abri polytoxicomane, d\u00e9truit par la rue et l\u2019alcool.<\/p>\n<p>Un \u00eatre humain malgr\u00e9 tout. Consid\u00e9r\u00e9 et jug\u00e9 comme tel en ce d\u00e9but de semaine par la cour d\u2019assises du Var. Condamn\u00e9 \u00e0 22 ans de r\u00e9clusion criminelle pour avoir <a href=\"https:\/\/www.varmatin.com\/justice\/a-toulon-le-sdf-frappe-a-mort-son-compagnon-dinfortune-990380\" rel=\"nofollow noopener\" target=\"_blank\">\u00f4t\u00e9 la vie d\u2019un autre homme, Farid B., le 30 novembre 2022 \u00e0 Toulon<\/a>.<\/p>\n<p>\u00c0 l\u2019issue, Anthony Jung, 39 ans aujourd\u2019hui, devra observer un suivi socio-judiciaire de 10 ans comprenant une injonction de soins.<\/p>\n<p>Il encourt cinq ans d\u2019emprisonnement en cas de non-respect de ses obligations.<\/p>\n<p>\u00ab\u00a0Cette peine est tr\u00e8s longue, mais c\u2019est pour mieux vous permettre de prendre le temps de vous fixer un objectif de retour \u00e0 cette vie sociale que vous avez quitt\u00e9 il y a si longtemps, lui explique le pr\u00e9sident Patrick V\u00e9ron \u00e0 l\u2019issue du verdict. Il ne faut pas que vous redeveniez un SDF.\u00a0\u00bb<\/p>\n<p>Un meurtre \u00ab\u00a0sauvage voire barbare\u00a0\u00bb<\/p>\n<p>Dans la rue, Anthony Jung \u00e9tait \u00ab\u00a0un animal\u00a0\u00bb selon son oncle. Dans ce deuxi\u00e8me sous-sol du parking Lafayette, emplacement 255, \u00ab\u00a0un volcan\u00a0\u00bb en \u00e9ruption selon l\u2019experte psychiatre. Un meurtrier.<\/p>\n<p>Depuis ce funeste 30 novembre, Anthony Jung n\u2019a jamais pu v\u00e9ritablement expliquer ces 60 coups de poing et 22 coups de pied ass\u00e9n\u00e9s \u00e0 son compagnon d\u2019infortune.<\/p>\n<p>L\u2019alcool, bien s\u00fbr &#8211; les deux hommes pr\u00e9sentaient un taux d\u2019alcool de pr\u00e8s de 2,5g\/L de sang -, y a jou\u00e9 un r\u00f4le. Son pass\u00e9 d\u2019enfant battu aussi, moteur d\u2019une rage que sa victime a encaiss\u00e9 sans jamais \u00eatre en \u00e9tat de r\u00e9pliquer. Mais de mobile, point.<\/p>\n<p>\u00ab\u00a0Nous tentons de r\u00e9pondre \u00e0 une situation m\u00e9dicale par une d\u00e9cision r\u00e9pressive, regrette Me Julien Garry en d\u00e9fense. En tuant son fr\u00e8re de gal\u00e8re, il s\u2019est tu\u00e9 lui-m\u00eame.\u00a0\u00bb<\/p>\n<p>Un meurtre-suicide long et horrible. Qualifi\u00e9 de \u00ab\u00a0sauvage voire barbare\u00a0\u00bb par l\u2019avocat g\u00e9n\u00e9ral Laurent Robert.<\/p>\n<p>\u00ab\u00a0Les faits ont dur\u00e9 deux heures, rappelle-t-il. Anthony Jung s\u2019est souvent arr\u00eat\u00e9, pour fumer une cigarette, boire du vin. Puis est revenu \u00e0 sa besogne. Il a d\u00e9pass\u00e9 le simple passage \u00e0 l\u2019acte pulsionnel. Battre \u00e0 mort, c\u2019est la vision longue de la vie qui s\u2019en va.\u00a0\u00bb<\/p>\n<p>\u00ab\u00a0Un mois avant tout \u00e7a, je lui avais sauv\u00e9 la vie, se souvient l\u2019accus\u00e9 dans l\u2019un de ses rares moments de clart\u00e9. Il avait pris de la m\u00e9thadone et avait failli tomber du bateau entre Toulon et La Seyne. Je l\u2019avais retenu puis appel\u00e9 les pompiers.\u00a0\u00bb<\/p>\n<p>Un jour ami, le lendemain monstre. Le reste du temps dans l\u2019ombre. L\u00e0 d\u2019o\u00f9 il vient.<\/p>\n","protected":false},"excerpt":{"rendered":"Le regard las, les \u00e9paules affaiss\u00e9es, Anthony Jung a travers\u00e9 son proc\u00e8s tel le fant\u00f4me qu\u2019il est depuis&hellip;\n","protected":false},"author":2,"featured_media":186340,"comment_status":"","ping_status":"","sticky":false,"template":"","format":"standard","meta":{"footnotes":""},"categories":[9619],"tags":[1111,11,1777,674,118,1011,27,303,12,882,25,2310],"class_list":{"0":"post-186339","1":"post","2":"type-post","3":"status-publish","4":"format-standard","5":"has-post-thumbnail","7":"category-toulon","8":"tag-actu","9":"tag-actualites","10":"tag-eu","11":"tag-europe","12":"tag-faits-divers","13":"tag-fr","14":"tag-france","15":"tag-justice","16":"tag-news","17":"tag-provence-alpes-cote-dazur","18":"tag-republique-francaise","19":"tag-toulon"},"share_on_mastodon":{"url":"https:\/\/pubeurope.com\/@fr\/114705441254031441","error":""},"_links":{"self":[{"href":"https:\/\/www.europesays.com\/fr\/wp-json\/wp\/v2\/posts\/186339","targetHints":{"allow":["GET"]}}],"collection":[{"href":"https:\/\/www.europesays.com\/fr\/wp-json\/wp\/v2\/posts"}],"about":[{"href":"https:\/\/www.europesays.com\/fr\/wp-json\/wp\/v2\/types\/post"}],"author":[{"embeddable":true,"href":"https:\/\/www.europesays.com\/fr\/wp-json\/wp\/v2\/users\/2"}],"replies":[{"embeddable":true,"href":"https:\/\/www.europesays.com\/fr\/wp-json\/wp\/v2\/comments?post=186339"}],"version-history":[{"count":0,"href":"https:\/\/www.europesays.com\/fr\/wp-json\/wp\/v2\/posts\/186339\/revisions"}],"wp:featuredmedia":[{"embeddable":true,"href":"https:\/\/www.europesays.com\/fr\/wp-json\/wp\/v2\/media\/186340"}],"wp:attachment":[{"href":"https:\/\/www.europesays.com\/fr\/wp-json\/wp\/v2\/media?parent=186339"}],"wp:term":[{"taxonomy":"category","embeddable":true,"href":"https:\/\/www.europesays.com\/fr\/wp-json\/wp\/v2\/categories?post=186339"},{"taxonomy":"post_tag","embeddable":true,"href":"https:\/\/www.europesays.com\/fr\/wp-json\/wp\/v2\/tags?post=186339"}],"curies":[{"name":"wp","href":"https:\/\/api.w.org\/{rel}","templated":true}]}}