{"id":186345,"date":"2025-06-18T17:03:08","date_gmt":"2025-06-18T17:03:08","guid":{"rendered":"https:\/\/www.europesays.com\/fr\/186345\/"},"modified":"2025-06-18T17:03:08","modified_gmt":"2025-06-18T17:03:08","slug":"plus-de-40-000-euros-de-produits-illicites-decouverts-dans-un-squat","status":"publish","type":"post","link":"https:\/\/www.europesays.com\/fr\/186345\/","title":{"rendered":"plus de 40 000 euros de produits illicites d\u00e9couverts dans un squat"},"content":{"rendered":"<p>            Par<br \/>\n        <strong><br \/>\n            <a href=\"https:\/\/actu.fr\/auteur\/lea-pippinato\" title=\"Consulter tous les articles de L\u00e9a Pippinato\" rel=\"nofollow noopener\" target=\"_blank\">L\u00e9a Pippinato<\/a><br \/>\n        <\/strong><\/p>\n<p>        Publi\u00e9 le<\/p>\n<p>            18 juin 2025 \u00e0 18h36        <\/p>\n<p>Ce mardi 17 juin 2025, <strong>un habitant de Montpellier<\/strong> signale <strong>aux policiers nationaux<\/strong> <strong>le vol de son ordinateur portable<\/strong>. Gr\u00e2ce \u00e0 <strong>la g\u00e9olocalisation de l\u2019appareil<\/strong>, la victime parvient \u00e0 indiquer une localisation pr\u00e9cise dans un immeuble de l\u2019avenue de Louiseville, au c\u0153ur du quartier de la Paillade. Vers 15h, une \u00e9quipe du nouveau commissariat des quartiers nord se rend sur place pour tenter de retrouver l\u2019\u00e9quipement vol\u00e9.<\/p>\n<p>    <a href=\"https:\/\/www.google.com\/maps\/embed?pb=!1m18!1m12!1m3!1d2888.1411588824803!2d3.813021276460674!3d43.62442087110348!2m3!1f0!2f0!3f0!3m2!1i1024!2i768!4f13.1!3m3!1m2!1s0x12b6ac2526a39275%3A0xc26b87a0664f4ebd!2sAv.%20de%20Louisville%2C%2034080%20Montpellier!5e0!3m2!1sfr!2sfr!4v1750259929530!5m2!1sfr!2sfr\" title=\"Ouvrie le lien\" rel=\"nofollow noopener\" target=\"_blank\">Cliquez ici pour visualiser le contenu<\/a><\/p>\n<p class=\" wall-content\">Les fonctionnaires inspectent l\u2019immeuble mais ne mettent pas la main sur l\u2019ordinateur. Pourtant, leur curiosit\u00e9 est \u00e9veill\u00e9e par une porte d\u2019appartement entrouverte. Une forte odeur suspecte s\u2019en \u00e9chappe, laissant peu de doute sur la nature des activit\u00e9s men\u00e9es \u00e0 l\u2019int\u00e9rieur.<\/p>\n<p>Une perquisition impromptue et une d\u00e9couverte massive<\/p>\n<p class=\" wall-content\">Les policiers d\u00e9cident d\u2019entrer dans le logement. \u00c0 l\u2019int\u00e9rieur, le constat est imm\u00e9diat : l\u2019appartement est un squat. Personne ne s\u2019y trouve. En revanche, les lieux contiennent un stock de produits illicites : 190 grammes d\u2019herbe de cannabis, plus de 2 kilos de r\u00e9sine de cannabis conditionn\u00e9e, en plaquettes ou en sachets pr\u00eats \u00e0 \u00eatre \u00e9coul\u00e9s. Ils d\u00e9couvrent \u00e9galement pr\u00e8s de 500 grammes de coca\u00efne, ainsi que 267 paquets de cigarettes de contrebande.<\/p>\n<p class=\" wall-content\">La valeur totale des drogues et des cigarettes d\u00e9passe les 40 000 euros, selon les premi\u00e8res estimations des enqu\u00eateurs. Les produits saisis ont \u00e9t\u00e9 plac\u00e9s sous scell\u00e9s et seront d\u00e9truits. Pour l\u2019instant, aucune personne n\u2019a \u00e9t\u00e9 interpell\u00e9e.<\/p>\n<p>Vid\u00e9os : en ce moment sur Actu<\/p>\n<p class=\" wall-content\">Suivez toute l\u2019actualit\u00e9 de vos villes et m\u00e9dias favoris en vous inscrivant \u00e0 <a href=\"https:\/\/moncompte.actu.fr\" title=\"D\u00e9couvez Mon Actu\" rel=\"nofollow noopener\" data-trk=\"{&quot;cta&quot;:{&quot;action&quot;:&quot;https:\\\/\\\/moncompte.actu.fr&quot;,&quot;category&quot;:&quot;mon compte&quot;,&quot;from&quot;:&quot;article footer&quot;,&quot;name&quot;:&quot;Mon actu&quot;,&quot;type&quot;:&quot;cta&quot;}}\" target=\"_blank\">Mon Actu<\/a>.<\/p>\n","protected":false},"excerpt":{"rendered":"Par L\u00e9a Pippinato Publi\u00e9 le 18 juin 2025 \u00e0 18h36 Ce mardi 17 juin 2025, un habitant de&hellip;\n","protected":false},"author":2,"featured_media":186346,"comment_status":"","ping_status":"","sticky":false,"template":"","format":"standard","meta":{"footnotes":""},"categories":[9599],"tags":[1111,11,1261,1052,1777,674,118,1011,27,2208,12,2680,1072,25],"class_list":{"0":"post-186345","1":"post","2":"type-post","3":"status-publish","4":"format-standard","5":"has-post-thumbnail","7":"category-montpellier","8":"tag-actu","9":"tag-actualites","10":"tag-argent","11":"tag-drogue","12":"tag-eu","13":"tag-europe","14":"tag-faits-divers","15":"tag-fr","16":"tag-france","17":"tag-montpellier","18":"tag-news","19":"tag-occitanie","20":"tag-police","21":"tag-republique-francaise"},"share_on_mastodon":{"url":"https:\/\/pubeurope.com\/@fr\/114705452722549874","error":""},"_links":{"self":[{"href":"https:\/\/www.europesays.com\/fr\/wp-json\/wp\/v2\/posts\/186345","targetHints":{"allow":["GET"]}}],"collection":[{"href":"https:\/\/www.europesays.com\/fr\/wp-json\/wp\/v2\/posts"}],"about":[{"href":"https:\/\/www.europesays.com\/fr\/wp-json\/wp\/v2\/types\/post"}],"author":[{"embeddable":true,"href":"https:\/\/www.europesays.com\/fr\/wp-json\/wp\/v2\/users\/2"}],"replies":[{"embeddable":true,"href":"https:\/\/www.europesays.com\/fr\/wp-json\/wp\/v2\/comments?post=186345"}],"version-history":[{"count":0,"href":"https:\/\/www.europesays.com\/fr\/wp-json\/wp\/v2\/posts\/186345\/revisions"}],"wp:featuredmedia":[{"embeddable":true,"href":"https:\/\/www.europesays.com\/fr\/wp-json\/wp\/v2\/media\/186346"}],"wp:attachment":[{"href":"https:\/\/www.europesays.com\/fr\/wp-json\/wp\/v2\/media?parent=186345"}],"wp:term":[{"taxonomy":"category","embeddable":true,"href":"https:\/\/www.europesays.com\/fr\/wp-json\/wp\/v2\/categories?post=186345"},{"taxonomy":"post_tag","embeddable":true,"href":"https:\/\/www.europesays.com\/fr\/wp-json\/wp\/v2\/tags?post=186345"}],"curies":[{"name":"wp","href":"https:\/\/api.w.org\/{rel}","templated":true}]}}