{"id":186353,"date":"2025-06-18T17:07:17","date_gmt":"2025-06-18T17:07:17","guid":{"rendered":"https:\/\/www.europesays.com\/fr\/186353\/"},"modified":"2025-06-18T17:07:17","modified_gmt":"2025-06-18T17:07:17","slug":"un-detenu-sevade-de-prison-des-barrages-routiers-mis-en-place","status":"publish","type":"post","link":"https:\/\/www.europesays.com\/fr\/186353\/","title":{"rendered":"Un d\u00e9tenu s\u2019\u00e9vade de prison, des barrages routiers mis en place"},"content":{"rendered":"<p>Un <a href=\"https:\/\/www.20minutes.fr\/dossier\/detenus\" target=\"_blank\" class=\"color-ultramarine c-link\" rel=\"noopener\">d\u00e9tenu<\/a> de 28 ans s\u2019est \u00e9vad\u00e9 ce mercredi 18\u00a0juin au matin du centre p\u00e9nitentiaire de <a href=\"https:\/\/www.20minutes.fr\/grenoble\/\" target=\"_blank\" class=\"color-ultramarine c-link\" rel=\"noopener\">Grenoble-Varces<\/a>, d\u00e9clenchant une vaste op\u00e9ration de recherche dans toute l\u2019agglom\u00e9ration grenobloise et jusqu\u2019au Nord-Is\u00e8re. Selon <a href=\"https:\/\/www.ledauphine.com\/faits-divers-justice\/2025\/06\/18\/un-detenu-s-evade-de-la-prison-de-varces-grenoble\" rel=\"nofollow noopener\" target=\"_blank\" class=\"color-ultramarine c-link\">Le Dauphin\u00e9 Lib\u00e9r\u00e9<\/a>, le prisonnier a profit\u00e9 d\u2019une sortie encadr\u00e9e par l\u2019administration p\u00e9nitentiaire pour prendre la fuite peu apr\u00e8s 9 heures, alors qu\u2019il venait de franchir les grilles de l\u2019\u00e9tablissement.<\/p>\n<p>L\u2019homme, incarc\u00e9r\u00e9 pour des faits li\u00e9s au <a href=\"https:\/\/www.20minutes.fr\/dossier\/trafic_de_drogue\" target=\"_blank\" class=\"color-ultramarine c-link\" rel=\"noopener\">trafic de stup\u00e9fiants<\/a>, aurait rejoint un v\u00e9hicule qui l\u2019attendait \u00e0 proximit\u00e9 de la prison, avec deux complices \u00e0 bord. L\u2019\u00e9vasion semble avoir \u00e9t\u00e9 minutieusement pr\u00e9par\u00e9e. Une source proche de l\u2019enqu\u00eate, cit\u00e9e par <a href=\"https:\/\/france3-regions.franceinfo.fr\/auvergne-rhone-alpes\/isere\/grenoble\/un-detenu-s-evade-du-centre-penitentiaire-grenoble-varces-des-operations-de-recherche-en-cours-3173136.html\" rel=\"nofollow noopener\" target=\"_blank\" class=\"color-ultramarine c-link\">France 3 R\u00e9gions<\/a>, pr\u00e9cise que les faits se sont d\u00e9roul\u00e9s \u00ab\u00a0sans violence\u00a0\u00bb.<\/p>\n<\/p>\n<p>Un vaste plan de recherche<\/p>\n<p>L\u2019alerte a \u00e9t\u00e9 imm\u00e9diatement donn\u00e9e. De nombreux barrages ont \u00e9t\u00e9 mis en place sur les principaux axes de circulation de Grenoble et du d\u00e9partement. Une enqu\u00eate a \u00e9t\u00e9 confi\u00e9e \u00e0 la brigade de gendarmerie du Pont-de-Claix pour identifier les complices et retrouver le fugitif.<\/p>\n<p><a href=\"https:\/\/www.20minutes.fr\/societe\/isere\/\" target=\"_blank\" class=\"c-link c-btn c-btn--primary\" rel=\"noopener\">Toute l&rsquo;actualit\u00e9 de l&rsquo;Is\u00e8re<\/a><\/p>\n<p>Le Dauphin\u00e9 Lib\u00e9r\u00e9 a constat\u00e9 sur place la pr\u00e9sence renforc\u00e9e de patrouilles de gendarmerie aux abords du centre p\u00e9nitentiaire, tandis que d\u2019autres effectifs quadrillent les routes is\u00e9roises.<\/p>\n","protected":false},"excerpt":{"rendered":"Un d\u00e9tenu de 28 ans s\u2019est \u00e9vad\u00e9 ce mercredi 18\u00a0juin au matin du centre p\u00e9nitentiaire de Grenoble-Varces, d\u00e9clenchant&hellip;\n","protected":false},"author":2,"featured_media":186354,"comment_status":"","ping_status":"","sticky":false,"template":"","format":"standard","meta":{"footnotes":""},"categories":[9566],"tags":[1111,47,11,2430,17316,1067,1777,674,3727,118,1011,27,3381,2731,108,813,12,806,25,2431,887],"class_list":{"0":"post-186353","1":"post","2":"type-post","3":"status-publish","4":"format-standard","5":"has-post-thumbnail","7":"category-grenoble","8":"tag-actu","9":"tag-actualite","10":"tag-actualites","11":"tag-auvergne-rhone-alpes","12":"tag-detenus","13":"tag-enquete","14":"tag-eu","15":"tag-europe","16":"tag-evasion","17":"tag-faits-divers","18":"tag-fr","19":"tag-france","20":"tag-gendarmerie","21":"tag-grenoble","22":"tag-isere","23":"tag-narcotrafiquants","24":"tag-news","25":"tag-prison","26":"tag-republique-francaise","27":"tag-rhone-alpes","28":"tag-trafic-de-drogue"},"share_on_mastodon":{"url":"https:\/\/pubeurope.com\/@fr\/114705468202945310","error":""},"_links":{"self":[{"href":"https:\/\/www.europesays.com\/fr\/wp-json\/wp\/v2\/posts\/186353","targetHints":{"allow":["GET"]}}],"collection":[{"href":"https:\/\/www.europesays.com\/fr\/wp-json\/wp\/v2\/posts"}],"about":[{"href":"https:\/\/www.europesays.com\/fr\/wp-json\/wp\/v2\/types\/post"}],"author":[{"embeddable":true,"href":"https:\/\/www.europesays.com\/fr\/wp-json\/wp\/v2\/users\/2"}],"replies":[{"embeddable":true,"href":"https:\/\/www.europesays.com\/fr\/wp-json\/wp\/v2\/comments?post=186353"}],"version-history":[{"count":0,"href":"https:\/\/www.europesays.com\/fr\/wp-json\/wp\/v2\/posts\/186353\/revisions"}],"wp:featuredmedia":[{"embeddable":true,"href":"https:\/\/www.europesays.com\/fr\/wp-json\/wp\/v2\/media\/186354"}],"wp:attachment":[{"href":"https:\/\/www.europesays.com\/fr\/wp-json\/wp\/v2\/media?parent=186353"}],"wp:term":[{"taxonomy":"category","embeddable":true,"href":"https:\/\/www.europesays.com\/fr\/wp-json\/wp\/v2\/categories?post=186353"},{"taxonomy":"post_tag","embeddable":true,"href":"https:\/\/www.europesays.com\/fr\/wp-json\/wp\/v2\/tags?post=186353"}],"curies":[{"name":"wp","href":"https:\/\/api.w.org\/{rel}","templated":true}]}}