{"id":186357,"date":"2025-06-18T17:09:10","date_gmt":"2025-06-18T17:09:10","guid":{"rendered":"https:\/\/www.europesays.com\/fr\/186357\/"},"modified":"2025-06-18T17:09:10","modified_gmt":"2025-06-18T17:09:10","slug":"un-nourrisson-devient-handicape-apres-une-erreur-medicale-le-chu-de-rennes-condamne-a-verser-plus-de-25-millions-deuros","status":"publish","type":"post","link":"https:\/\/www.europesays.com\/fr\/186357\/","title":{"rendered":"Un nourrisson devient handicap\u00e9 apr\u00e8s une erreur m\u00e9dicale, le CHU de Rennes condamn\u00e9 \u00e0 verser plus de 2,5\u00a0millions d\u2019euros"},"content":{"rendered":"<p class=\"paragraph text_align_left lp-f-body-02\">Un v\u00e9ritable \u00ab\u00a0soulagement\u00a0\u00bb pour la famille de la victime. Le tribunal administratif de Rennes a condamn\u00e9 vendredi le CHU de Rennes \u00e0 verser plus de 2,5\u00a0millions d\u2019euros \u00e0 des parents et \u00e0 un enfant handicap\u00e9 \u00e0 la suite d\u2019une erreur m\u00e9dicale \u00e0 sa naissance.<\/p>\n<p class=\"paragraph text_align_left lp-f-body-02\">En plus du montant attribu\u00e9 \u00e0 la famille de la victime, des rentes \u00ab\u00a0lui seront vers\u00e9es de fa\u00e7on trimestrielle et annuelle tout au long de sa vie, pour le reste des pr\u00e9judices\u00a0\u00bb, a pr\u00e9cis\u00e9 l\u2019une des avocates de la famille, Me Sophie Laceuk.<\/p>\n<p class=\"paragraph text_align_left lp-f-body-02\">\u00ab\u00a0Ce sont des dossiers qui sont assez rares, on a peu de dossiers comme \u00e7a avec des pr\u00e9judices aussi importants. Mais les accidents obst\u00e9tricaux, \u00e7a donne toujours des montants tr\u00e8s importants\u00a0\u00bb, a-t-elle ajout\u00e9. Selon Me Laceuk, cette d\u00e9cision est un \u00ab\u00a0soulagement\u00a0\u00bb pour la famille de la victime alors qu\u2019elle devra d\u00e9bourser des \u00ab\u00a0d\u00e9penses cons\u00e9quentes\u00a0\u00bb pour l\u2019avenir de leur enfant.<\/p>\n<p>\u00ab\u00a0Une lutte sur plusieurs ann\u00e9es\u00a0\u00bb<\/p>\n<p class=\"paragraph text_align_left lp-f-body-02\">Le jeune homme, n\u00e9 en 1999 au CHU de Rennes, a \u00e9t\u00e9 victime de \u00ab\u00a0l\u00e9sions c\u00e9r\u00e9brales majeures\u00a0\u00bb en raison d\u2019une <a href=\"https:\/\/www.leparisien.fr\/essonne-91\/prive-doxygene-durant-la-grossesse-mattia-le-bebe-miracle-dejoue-les-pronostics-23-01-2025-NRRJ2T3PGZDSDPZKZNVEN2DNMQ.php\" target=\"_self\" rel=\"nofollow noopener\">\u00ab\u00a0anoxie\u00a0\u00bb<\/a>, un manque d\u2019oxyg\u00e8ne chez le nouveau-n\u00e9, ayant caus\u00e9 de \u00ab\u00a0tr\u00e8s graves s\u00e9quelles handicapantes corporelles et mentales\u00a0\u00bb, selon une d\u00e9cision r\u00e9v\u00e9l\u00e9e mercredi par le quotidien <a href=\"https:\/\/www.letelegramme.fr\/\" target=\"_self\" rel=\"nofollow noopener\">Le T\u00e9l\u00e9gramme<\/a>.<\/p>\n<p class=\"paragraph text_align_left lp-f-body-02\">\u00ab\u00a0La c\u00e9sarienne a \u00e9t\u00e9 faite avec du retard, ce qui explique que l\u2019enfant est n\u00e9 avec une anoxie extr\u00eamement s\u00e9v\u00e8re et un handicap tr\u00e8s, tr\u00e8s, tr\u00e8s s\u00e9v\u00e8re\u00a0\u00bb, a pr\u00e9cis\u00e9 l\u2019avocate. Son d\u00e9ficit fonctionnel permanent a \u00e9t\u00e9 reconnu \u00e0 hauteur de 95\u00a0%, selon le tribunal. Contact\u00e9, le CHU de Rennes n\u2019avait pas r\u00e9pondu dans l\u2019imm\u00e9diat.<\/p>\n<p class=\"paragraph text_align_left lp-f-body-02\">La responsabilit\u00e9 enti\u00e8re du CHU de Rennes pour les \u00ab\u00a0cons\u00e9quences dommageables de cette anoxie p\u00e9rinatale\u00a0\u00bb avait \u00e9t\u00e9 reconnue en 2006 par le tribunal administratif. Quelques ann\u00e9es plus tard, lorsque la victime avait atteint sa majorit\u00e9, les parents ont demand\u00e9 une \u00ab\u00a0expertise aux fins d\u2019\u00e9valuer les s\u00e9quelles dont leur fils restait atteint et ses besoins d\u2019aide, d\u2019assistance et d\u2019am\u00e9nagement\u00a0\u00bb, d\u2019apr\u00e8s la m\u00eame source.<\/p>\n<p class=\"paragraph text_align_left lp-f-body-02\">Pour obtenir une indemnisation d\u00e9finitive, les parents ont d\u00fb attendre que l\u2019\u00e9tat de sant\u00e9 de l\u2019enfant soit stabilis\u00e9, g\u00e9n\u00e9ralement \u00ab\u00a0autour de 18\u00a0ans\u00a0\u00bb, a d\u00e9taill\u00e9 Me Laceuk. \u00ab\u00a0C\u2019est vraiment une lutte sur plusieurs ann\u00e9es\u00a0\u00bb, les parents \u00e9tant \u00ab\u00a0us\u00e9s par autant d\u2019ann\u00e9es de proc\u00e9dures et autant de sacrifices pour leur enfant\u00a0\u00bb, a-t-elle ajout\u00e9.<\/p>\n","protected":false},"excerpt":{"rendered":"Un v\u00e9ritable \u00ab\u00a0soulagement\u00a0\u00bb pour la famille de la victime. Le tribunal administratif de Rennes a condamn\u00e9 vendredi le&hellip;\n","protected":false},"author":2,"featured_media":186358,"comment_status":"","ping_status":"","sticky":false,"template":"","format":"standard","meta":{"footnotes":""},"categories":[2821],"tags":[1111,11,829,459,1777,674,1011,27,12,584,25,71,104],"class_list":{"0":"post-186357","1":"post","2":"type-post","3":"status-publish","4":"format-standard","5":"has-post-thumbnail","7":"category-rennes","8":"tag-actu","9":"tag-actualites","10":"tag-bretagne","11":"tag-departements-horsidfo","12":"tag-eu","13":"tag-europe","14":"tag-fr","15":"tag-france","16":"tag-news","17":"tag-rennes","18":"tag-republique-francaise","19":"tag-sante","20":"tag-societe"},"share_on_mastodon":{"url":"https:\/\/pubeurope.com\/@fr\/114705476106854206","error":""},"_links":{"self":[{"href":"https:\/\/www.europesays.com\/fr\/wp-json\/wp\/v2\/posts\/186357","targetHints":{"allow":["GET"]}}],"collection":[{"href":"https:\/\/www.europesays.com\/fr\/wp-json\/wp\/v2\/posts"}],"about":[{"href":"https:\/\/www.europesays.com\/fr\/wp-json\/wp\/v2\/types\/post"}],"author":[{"embeddable":true,"href":"https:\/\/www.europesays.com\/fr\/wp-json\/wp\/v2\/users\/2"}],"replies":[{"embeddable":true,"href":"https:\/\/www.europesays.com\/fr\/wp-json\/wp\/v2\/comments?post=186357"}],"version-history":[{"count":0,"href":"https:\/\/www.europesays.com\/fr\/wp-json\/wp\/v2\/posts\/186357\/revisions"}],"wp:featuredmedia":[{"embeddable":true,"href":"https:\/\/www.europesays.com\/fr\/wp-json\/wp\/v2\/media\/186358"}],"wp:attachment":[{"href":"https:\/\/www.europesays.com\/fr\/wp-json\/wp\/v2\/media?parent=186357"}],"wp:term":[{"taxonomy":"category","embeddable":true,"href":"https:\/\/www.europesays.com\/fr\/wp-json\/wp\/v2\/categories?post=186357"},{"taxonomy":"post_tag","embeddable":true,"href":"https:\/\/www.europesays.com\/fr\/wp-json\/wp\/v2\/tags?post=186357"}],"curies":[{"name":"wp","href":"https:\/\/api.w.org\/{rel}","templated":true}]}}