{"id":186359,"date":"2025-06-18T17:10:11","date_gmt":"2025-06-18T17:10:11","guid":{"rendered":"https:\/\/www.europesays.com\/fr\/186359\/"},"modified":"2025-06-18T17:10:11","modified_gmt":"2025-06-18T17:10:11","slug":"mobilisation-des-assistants-deducation-ce-jeudi-19-juin","status":"publish","type":"post","link":"https:\/\/www.europesays.com\/fr\/186359\/","title":{"rendered":"mobilisation des assistants d\u2019\u00e9ducation ce jeudi 19\u00a0juin"},"content":{"rendered":"<p>Pour rendre hommage \u00e0 <a href=\"https:\/\/www.dna.fr\/faits-divers-justice\/2025\/06\/10\/surveillante-scolaire-tuee-a-nogent-elisabeth-borne-attendue-sur-place\" target=\"_blank\" rel=\"noopener\">M\u00e9lanie Grapinet, surveillante de coll\u00e8ge \u00e0 Nogent (Haute-Marne), tu\u00e9e en service le 10\u00a0juin dernier<\/a> , les syndicats Sud \u00c9ducation Alsace, CGT \u00e9duc\u2019action et SNLC-FO appellent les assistants d\u2019\u00e9ducation (AED) des coll\u00e8ges et lyc\u00e9es d\u2019Alsace \u00e0 se mettre en gr\u00e8ve ce jeudi 19\u00a0juin et \u00e0 se rassembler \u00e0 partir de midi, place Kl\u00e9ber \u00e0 Strasbourg.<\/p>\n<p>Cette mobilisation sera aussi l\u2019occasion de d\u00e9noncer les conditions de travail \u00ab\u00a0d\u00e9grad\u00e9es et pr\u00e9caires\u00a0\u00bb de ces agents publics contractuels et de d\u00e9fendre les revendications des syndicats en la mati\u00e8re (v\u00e9ritable statut de la fonction publique, formation initiale de qualit\u00e9, salaire minimum de 2\u00a0200\u00a0euros brut, temps plein de 32 heures hebdo, recrutements massifs, brigades de remplacement,\u00a0etc.)<\/p>\n","protected":false},"excerpt":{"rendered":"Pour rendre hommage \u00e0 M\u00e9lanie Grapinet, surveillante de coll\u00e8ge \u00e0 Nogent (Haute-Marne), tu\u00e9e en service le 10\u00a0juin dernier&hellip;\n","protected":false},"author":2,"featured_media":186360,"comment_status":"","ping_status":"","sticky":false,"template":"","format":"standard","meta":{"footnotes":""},"categories":[2820],"tags":[1111,11,2389,2649,3599,9671,2880,1057,1777,674,107,1011,27,775,12,25,801,640,2879],"class_list":{"0":"post-186359","1":"post","2":"type-post","3":"status-publish","4":"format-standard","5":"has-post-thumbnail","7":"category-strasbourg","8":"tag-actu","9":"tag-actualites","10":"tag-alsace","11":"tag-bas-rhin","12":"tag-college-lycee","13":"tag-conflit-social","14":"tag-edition-strasbourg","15":"tag-education","16":"tag-eu","17":"tag-europe","18":"tag-fil-info","19":"tag-fr","20":"tag-france","21":"tag-grand-est","22":"tag-news","23":"tag-republique-francaise","24":"tag-social","25":"tag-strasbourg","26":"tag-strasbourg-ville"},"share_on_mastodon":{"url":"https:\/\/pubeurope.com\/@fr\/114705480029245862","error":""},"_links":{"self":[{"href":"https:\/\/www.europesays.com\/fr\/wp-json\/wp\/v2\/posts\/186359","targetHints":{"allow":["GET"]}}],"collection":[{"href":"https:\/\/www.europesays.com\/fr\/wp-json\/wp\/v2\/posts"}],"about":[{"href":"https:\/\/www.europesays.com\/fr\/wp-json\/wp\/v2\/types\/post"}],"author":[{"embeddable":true,"href":"https:\/\/www.europesays.com\/fr\/wp-json\/wp\/v2\/users\/2"}],"replies":[{"embeddable":true,"href":"https:\/\/www.europesays.com\/fr\/wp-json\/wp\/v2\/comments?post=186359"}],"version-history":[{"count":0,"href":"https:\/\/www.europesays.com\/fr\/wp-json\/wp\/v2\/posts\/186359\/revisions"}],"wp:featuredmedia":[{"embeddable":true,"href":"https:\/\/www.europesays.com\/fr\/wp-json\/wp\/v2\/media\/186360"}],"wp:attachment":[{"href":"https:\/\/www.europesays.com\/fr\/wp-json\/wp\/v2\/media?parent=186359"}],"wp:term":[{"taxonomy":"category","embeddable":true,"href":"https:\/\/www.europesays.com\/fr\/wp-json\/wp\/v2\/categories?post=186359"},{"taxonomy":"post_tag","embeddable":true,"href":"https:\/\/www.europesays.com\/fr\/wp-json\/wp\/v2\/tags?post=186359"}],"curies":[{"name":"wp","href":"https:\/\/api.w.org\/{rel}","templated":true}]}}