{"id":186361,"date":"2025-06-18T17:11:10","date_gmt":"2025-06-18T17:11:10","guid":{"rendered":"https:\/\/www.europesays.com\/fr\/186361\/"},"modified":"2025-06-18T17:11:10","modified_gmt":"2025-06-18T17:11:10","slug":"strasbourg-entzheim-easyjet-annonce-trois-nouvelles-liaisons-saisonnieres-pour-lautomne-a-laeroport","status":"publish","type":"post","link":"https:\/\/www.europesays.com\/fr\/186361\/","title":{"rendered":"Strasbourg-Entzheim. Easyjet annonce trois nouvelles liaisons saisonni\u00e8res pour l\u2019automne \u00e0 l&rsquo;a\u00e9roport"},"content":{"rendered":"<p>La compagnie Easyjet, <a href=\"https:\/\/www.dna.fr\/economie\/2025\/03\/04\/retour-gagnant-pour-easyjet-a-l-aeroport-de-strasbourg-entzheim\" target=\"_blank\" rel=\"nofollow noopener\">qui op\u00e8re cet \u00e9t\u00e9 cinq lignes r\u00e9guli\u00e8res de et vers l\u2019a\u00e9roport de Strasbourg-Entzheim<\/a> , annonce le lancement de trois lignes saisonni\u00e8res cet automne sur cette plateforme. \u00c0 partir du 7\u00a0novembre et pour une dur\u00e9e de quatre mois, elle desservira <strong>Milan-Malpensa<\/strong> deux fois par semaine (lundi et vendredi). Du 28\u00a0novembre au 4\u00a0janvier, soit pendant la p\u00e9riode de No\u00ebl, elle proposera des vols vers <strong>Manchester<\/strong> \u00e0 raison de deux rotations par semaine (vendredi et dimanche). Enfin, du 28\u00a0novembre au 15\u00a0d\u00e9cembre, elle proposera les lundis et les vendredis des rotations vers <strong>Rome-Fiumicino<\/strong> , soit six allers-retours au total.<\/p>\n","protected":false},"excerpt":{"rendered":"La compagnie Easyjet, qui op\u00e8re cet \u00e9t\u00e9 cinq lignes r\u00e9guli\u00e8res de et vers l\u2019a\u00e9roport de Strasbourg-Entzheim , annonce&hellip;\n","protected":false},"author":2,"featured_media":186362,"comment_status":"","ping_status":"","sticky":false,"template":"","format":"standard","meta":{"footnotes":""},"categories":[2820],"tags":[1111,11,2389,2649,4406,33,2880,24064,1777,674,107,1011,27,775,12,25,640,3089,2803],"class_list":{"0":"post-186361","1":"post","2":"type-post","3":"status-publish","4":"format-standard","5":"has-post-thumbnail","7":"category-strasbourg","8":"tag-actu","9":"tag-actualites","10":"tag-alsace","11":"tag-bas-rhin","12":"tag-commerce-et-services","13":"tag-economie","14":"tag-edition-strasbourg","15":"tag-entzheim","16":"tag-eu","17":"tag-europe","18":"tag-fil-info","19":"tag-fr","20":"tag-france","21":"tag-grand-est","22":"tag-news","23":"tag-republique-francaise","24":"tag-strasbourg","25":"tag-strasbourg-sud","26":"tag-transport"},"share_on_mastodon":{"url":"https:\/\/pubeurope.com\/@fr\/114705483991870196","error":""},"_links":{"self":[{"href":"https:\/\/www.europesays.com\/fr\/wp-json\/wp\/v2\/posts\/186361","targetHints":{"allow":["GET"]}}],"collection":[{"href":"https:\/\/www.europesays.com\/fr\/wp-json\/wp\/v2\/posts"}],"about":[{"href":"https:\/\/www.europesays.com\/fr\/wp-json\/wp\/v2\/types\/post"}],"author":[{"embeddable":true,"href":"https:\/\/www.europesays.com\/fr\/wp-json\/wp\/v2\/users\/2"}],"replies":[{"embeddable":true,"href":"https:\/\/www.europesays.com\/fr\/wp-json\/wp\/v2\/comments?post=186361"}],"version-history":[{"count":0,"href":"https:\/\/www.europesays.com\/fr\/wp-json\/wp\/v2\/posts\/186361\/revisions"}],"wp:featuredmedia":[{"embeddable":true,"href":"https:\/\/www.europesays.com\/fr\/wp-json\/wp\/v2\/media\/186362"}],"wp:attachment":[{"href":"https:\/\/www.europesays.com\/fr\/wp-json\/wp\/v2\/media?parent=186361"}],"wp:term":[{"taxonomy":"category","embeddable":true,"href":"https:\/\/www.europesays.com\/fr\/wp-json\/wp\/v2\/categories?post=186361"},{"taxonomy":"post_tag","embeddable":true,"href":"https:\/\/www.europesays.com\/fr\/wp-json\/wp\/v2\/tags?post=186361"}],"curies":[{"name":"wp","href":"https:\/\/api.w.org\/{rel}","templated":true}]}}