{"id":186369,"date":"2025-06-18T17:15:12","date_gmt":"2025-06-18T17:15:12","guid":{"rendered":"https:\/\/www.europesays.com\/fr\/186369\/"},"modified":"2025-06-18T17:15:12","modified_gmt":"2025-06-18T17:15:12","slug":"la-factrice-volait-des-chequiers-pendant-sa-tournee-et-sen-servait-pour-payer-ses-courses","status":"publish","type":"post","link":"https:\/\/www.europesays.com\/fr\/186369\/","title":{"rendered":"la factrice volait des ch\u00e9quiers pendant sa tourn\u00e9e et s\u2019en servait pour payer ses courses"},"content":{"rendered":"<p>Un couple de quadrag\u00e9naires a \u00e9t\u00e9 condamn\u00e9 par le tribunal correctionnel de Nantes (<a target=\"_self\" href=\"https:\/\/www.lanouvellerepublique.fr\/loire-atlantique\" rel=\"noopener\">Loire-Atlantique<\/a>) lundi 16\u00a0juin 2025. Comme le relate <a target=\"_blank\" href=\"https:\/\/www.ouest-france.fr\/pays-de-la-loire\/nantes-44000\/pres-de-nantes-la-factrice-volait-des-chequiers-cf242a6e-4b95-11f0-aa92-854aea8d967a\" rel=\"noopener\">Presse-Oc\u00e9an<\/a>, la femme a \u00e9t\u00e9 reconnue coupable d\u2019avoir vol\u00e9 trois ch\u00e9quiers entre f\u00e9vrier et septembre\u00a02023, alors qu\u2019elle exer\u00e7ait comme factrice. Elle les d\u00e9robait pendant sa tourn\u00e9e.<\/p>\n<p>D\u00e9j\u00e0 connus de la justice<\/p>\n<p>Interpell\u00e9, le couple a admis avoir utilis\u00e9 ces ch\u00e8ques vol\u00e9s afin de payer ses courses. \u00ab\u00a0Quand on a des soucis financiers, on mange du riz, des patates. L\u00e0 sur les tickets de caisse, on trouve aussi un cubi de vin, je ne pense pas que \u00e7a soit vraiment vital\u00a0\u00bb, a r\u00e9torqu\u00e9 le pr\u00e9sident du tribunal. Les ch\u00e8ques ont \u00e9galement permis \u00e0 l\u2019homme de rembourser des dettes.<\/p>\n<p>D\u00e9j\u00e0 condamn\u00e9 trois fois pour <a target=\"_self\" href=\"https:\/\/www.lanouvellerepublique.fr\/poitiers\/poitiers-une-aide-a-domicile-vole-des-billets-de-50-marques-a-l-encre-invisible-1745500891\" rel=\"noopener\">vol<\/a>, il a \u00e9t\u00e9 condamn\u00e9 \u00e0 120 jours-amende \u00e0 cinq euros. D\u00e9j\u00e0 connue de la justice pour vol et conduite sous stup\u00e9fiants, sa compagne a \u00e9cop\u00e9 de six mois de prison avec sursis. Pendant cinq ans, il lui est interdit d\u2019exercer comme factrice ainsi que tout m\u00e9tier de la fonction publique.<\/p>\n","protected":false},"excerpt":{"rendered":"Un couple de quadrag\u00e9naires a \u00e9t\u00e9 condamn\u00e9 par le tribunal correctionnel de Nantes (Loire-Atlantique) lundi 16\u00a0juin 2025. Comme&hellip;\n","protected":false},"author":2,"featured_media":186370,"comment_status":"","ping_status":"","sticky":false,"template":"","format":"standard","meta":{"footnotes":""},"categories":[2818],"tags":[328,1111,11,1674,1777,674,274,1011,27,3047,766,12,2636,25,25463],"class_list":{"0":"post-186369","1":"post","2":"type-post","3":"status-publish","4":"format-standard","5":"has-post-thumbnail","7":"category-nantes","8":"tag-a-la-une","9":"tag-actu","10":"tag-actualites","11":"tag-communes","12":"tag-eu","13":"tag-europe","14":"tag-faits-divers-justice","15":"tag-fr","16":"tag-france","17":"tag-loire-atlantique","18":"tag-nantes","19":"tag-news","20":"tag-pays-de-la-loire","21":"tag-republique-francaise","22":"tag-tribunal-correctionnel"},"share_on_mastodon":{"url":"https:\/\/pubeurope.com\/@fr\/114705499629376823","error":""},"_links":{"self":[{"href":"https:\/\/www.europesays.com\/fr\/wp-json\/wp\/v2\/posts\/186369","targetHints":{"allow":["GET"]}}],"collection":[{"href":"https:\/\/www.europesays.com\/fr\/wp-json\/wp\/v2\/posts"}],"about":[{"href":"https:\/\/www.europesays.com\/fr\/wp-json\/wp\/v2\/types\/post"}],"author":[{"embeddable":true,"href":"https:\/\/www.europesays.com\/fr\/wp-json\/wp\/v2\/users\/2"}],"replies":[{"embeddable":true,"href":"https:\/\/www.europesays.com\/fr\/wp-json\/wp\/v2\/comments?post=186369"}],"version-history":[{"count":0,"href":"https:\/\/www.europesays.com\/fr\/wp-json\/wp\/v2\/posts\/186369\/revisions"}],"wp:featuredmedia":[{"embeddable":true,"href":"https:\/\/www.europesays.com\/fr\/wp-json\/wp\/v2\/media\/186370"}],"wp:attachment":[{"href":"https:\/\/www.europesays.com\/fr\/wp-json\/wp\/v2\/media?parent=186369"}],"wp:term":[{"taxonomy":"category","embeddable":true,"href":"https:\/\/www.europesays.com\/fr\/wp-json\/wp\/v2\/categories?post=186369"},{"taxonomy":"post_tag","embeddable":true,"href":"https:\/\/www.europesays.com\/fr\/wp-json\/wp\/v2\/tags?post=186369"}],"curies":[{"name":"wp","href":"https:\/\/api.w.org\/{rel}","templated":true}]}}