{"id":186375,"date":"2025-06-18T17:18:13","date_gmt":"2025-06-18T17:18:13","guid":{"rendered":"https:\/\/www.europesays.com\/fr\/186375\/"},"modified":"2025-06-18T17:18:13","modified_gmt":"2025-06-18T17:18:13","slug":"meteo-toulouse-et-la-haute-garonne-places-en-vigilance-jaune-a-la-canicule-jeudi-les-temperatures-prevues","status":"publish","type":"post","link":"https:\/\/www.europesays.com\/fr\/186375\/","title":{"rendered":"M\u00e9t\u00e9o. Toulouse et la Haute-Garonne plac\u00e9s en vigilance jaune \u00e0 la canicule jeudi : les temp\u00e9ratures pr\u00e9vues"},"content":{"rendered":"<p>            Par<br \/>\n        <strong><br \/>\n            <a href=\"https:\/\/actu.fr\/auteur\/lea-afonso\" title=\"Consulter tous les articles de L\u00e9a Afonso\" rel=\"nofollow noopener\" target=\"_blank\">L\u00e9a Afonso<\/a><br \/>\n        <\/strong><\/p>\n<p>        Publi\u00e9 le<\/p>\n<p>            18 juin 2025 \u00e0 18h11        <\/p>\n<p>L\u2019\u00e9t\u00e9 se rapproche et les p\u00e9riodes de fortes chaleurs commencent \u00e0 <a href=\"https:\/\/actu.fr\/toulouse\/\" rel=\"nofollow noopener\" target=\"_blank\">Toulouse<\/a> et en <a href=\"https:\/\/actu.fr\/occitanie\/haute-garonne_31\" rel=\"nofollow noopener\" target=\"_blank\">Haute-Garonne<\/a> d\u00e8s ce jeudi 19 juin 2025. Le d\u00e9partement est plac\u00e9 en <strong>vigilance jaune \u00e0 la canicule<\/strong> \u2014<a href=\"https:\/\/actu.fr\/meteo\/canicule-meteo-france-place-deja-une-grosse-vingtaine-de-departements-en-vigilance-ce-jeudi-les-previsions_62790875.html\" rel=\"nofollow noopener\" target=\"_blank\"> comme d\u2019autres en France<\/a> \u2014. Explications.\u00a0<\/p>\n<p>Des fortes chaleurs attendues\u00a0<\/p>\n<p class=\" wall-content\"><a href=\"https:\/\/actu.fr\/occitanie\/toulouse_31555\/meteo-toulouse-va-suffoquer-d-ici-la-fin-de-semaine-on-risque-de-froler-les-seuils-de-la-canicule_62779019.html\" rel=\"nofollow noopener\" target=\"_blank\">Actu Toulouse vous parlait de cette possibilit\u00e9 en d\u00e9but de semaine\u2026<\/a>\u00a0 Toulouse et la Haute-Garonne sont plac\u00e9s en <strong>vigilance jaune \u00e0 la canicule d\u00e8s ce jeudi 19 juin<\/strong>. En effet, une v\u00e9ritable vague de chaleur va toucher la Ville rose, avec des temp\u00e9ratures avoisinant les <strong>36\u00b0C<\/strong> au maximum ce <strong>jeudi et vendredi<\/strong>. Le pic devrait \u00eatre pour la f\u00eate de la musique le<strong> samedi 21 avec 38\u00b0C<\/strong> au maximum.\u00a0<\/p>\n<p class=\" wall-content\">Pour les <strong>minimales<\/strong>, comptez sur les trois jours<strong> 19\u00b0C, 20\u00b0C et 21\u00b0C.\u00a0<\/strong><\/p>\n<p>    <img   decoding=\"async\" loading=\"lazy\" src=\"https:\/\/www.europesays.com\/fr\/wp-content\/uploads\/2025\/06\/capture-decran-2025-06-18-175352-960x420.png\" alt=\"Des temp\u00e9ratures \u00e9lev\u00e9es sont attendues \u00e0 Toulouse d\u00e8s ce jeudi \" width=\"960\" height=\"420\"\/><br \/>\n    Des temp\u00e9ratures \u00e9lev\u00e9es sont attendues \u00e0 Toulouse d\u00e8s ce jeudi (\u00a9Capture d\u2019\u00e9cran M\u00e9t\u00e9o France )Mais alors pourquoi parler de canicule ?\u00a0<\/p>\n<p class=\" wall-content\">Pascal Boureau, ancien pr\u00e9visionniste chez M\u00e9t\u00e9o France le rappelle : \u00ab\u2009\u00c0 Toulouse, M\u00e9t\u00e9o-France parle de canicule quand, durant trois jours et trois nuits, les temp\u00e9ratures maximales sont sup\u00e9rieures \u00e0 36\u00b0C et les temp\u00e9ratures minimales sup\u00e9rieures \u00e0 21\u00b0C\u2009\u00bb.<\/p>\n<p class=\" wall-content\">Ce jeudi,\u00a0 Toulouse sera en vigilance jaune et non pas en alerte orange. \u00ab\u00a0Le jaune signifie que l\u2019on s\u2019approche fortement des seuils, sans les franchir. Cependant, <strong>samedi 21 juin, avec les 38\u00b0C<\/strong> attendus, nous serons bel et bien <strong>\u00e0 la limite du seuil orange<\/strong>\u00ab\u00a0, confirme l\u2019ancien pr\u00e9visionniste. Si pour l\u2019heure, on n\u2019est pas \u00e0 l\u2019abri de les franchir, rien n\u2019est encore s\u00fbr.<\/p>\n<p>Vid\u00e9os : en ce moment sur ActuUne l\u00e9g\u00e8re baisse avant le retour de la chaleur\u00a0<\/p>\n<p class=\" wall-content\">Effectivement, \u00ab\u00a0<strong>dimanche<\/strong> la <strong>temp\u00e9rature<\/strong> va <strong>redescendre<\/strong> avec <strong>33\u00b0C<\/strong> attendus, accompagn\u00e9s sans doute de quelques orages\u00a0\u00bb. Mais cela ne va pas durer, d\u00e8s la semaine prochaine, les temp\u00e9ratures repartiront en hausse, avec <strong>35\u00b0C de pr\u00e9vus pour le mardi 22 juin.\u00a0<\/strong><\/p>\n<p class=\" wall-content\">\u00ab\u00a0Ce sont des temp\u00e9ratures tr\u00e8s chaudes pour un mois de juin, quand la moyenne de saison est normalement de 26\u00b0C. <strong>Cela annonce s\u00fbrement un \u00e9t\u00e9 chaud<\/strong>. Rappelons-nous du mois de juin 2003 o\u00f9 la moyenne des temp\u00e9ratures \u00e9tait de 31\u00b0C, suivit d\u2019un \u00e9t\u00e9 caniculaire et m\u00e9morable. Il ne faut pas tirer de conclusions h\u00e2tives pour le moment, mais l\u2019\u00e9t\u00e9 sera sans doute tr\u00e8s chaud\u00a0\u00bb, poursuit Pascal Boureau.\u00a0<\/p>\n<p>Comment expliquer cette concentration d\u2019air chaud ?\u00a0<\/p>\n<p class=\" wall-content\">\u00ab\u00a0Tout vient d\u2019une<strong> bulle chaude qui d\u00e9borde de l\u2019Espagne<\/strong>\u00ab\u00a0, explique Pascal Boureau. Concr\u00e8tement, c\u2019est une masse d\u2019air chaud qui se d\u00e9place depuis l\u2019Espagne vers la France. \u00ab\u00a0Cet air chaud, en raison d\u2019un faible vent en altitude, reste proche du sol. D\u2019un vent calme ajout\u00e9 \u00e0 un fort ensoleillement r\u00e9sultent des fortes chaleurs. C\u2019est pour cela que l\u2019on va d\u00e9passer les 36\u00b0C d\u00e8s ce jeudi\u00a0\u00bb.\u00a0<\/p>\n<p class=\" wall-content\">Rappelons qu\u2019en Espagne, de fortes chaleurs ont d\u00e9but\u00e9s. \u00ab\u00a0Il a d\u00e9j\u00e0 fait 43\u00b0C ce mardi 18 juin\u00a0\u00bb, termine l\u2019ancien pr\u00e9visionniste.\u00a0<\/p>\n<p class=\" wall-content\">Suivez toute l\u2019actualit\u00e9 de vos villes et m\u00e9dias favoris en vous inscrivant \u00e0 <a href=\"https:\/\/moncompte.actu.fr\" title=\"D\u00e9couvez Mon Actu\" rel=\"nofollow noopener\" data-trk=\"{&quot;cta&quot;:{&quot;action&quot;:&quot;https:\\\/\\\/moncompte.actu.fr&quot;,&quot;category&quot;:&quot;mon compte&quot;,&quot;from&quot;:&quot;article footer&quot;,&quot;name&quot;:&quot;Mon actu&quot;,&quot;type&quot;:&quot;cta&quot;}}\" target=\"_blank\">Mon Actu<\/a>.<\/p>\n","protected":false},"excerpt":{"rendered":"Par L\u00e9a Afonso Publi\u00e9 le 18 juin 2025 \u00e0 18h11 L\u2019\u00e9t\u00e9 se rapproche et les p\u00e9riodes de fortes&hellip;\n","protected":false},"author":2,"featured_media":186376,"comment_status":"","ping_status":"","sticky":false,"template":"","format":"standard","meta":{"footnotes":""},"categories":[2816],"tags":[1111,11,6698,1777,674,1011,27,2487,2357,12,2680,25,2312,15637],"class_list":{"0":"post-186375","1":"post","2":"type-post","3":"status-publish","4":"format-standard","5":"has-post-thumbnail","7":"category-toulouse","8":"tag-actu","9":"tag-actualites","10":"tag-canicule","11":"tag-eu","12":"tag-europe","13":"tag-fr","14":"tag-france","15":"tag-meteo","16":"tag-meteo-france","17":"tag-news","18":"tag-occitanie","19":"tag-republique-francaise","20":"tag-toulouse","21":"tag-vague-de-chaleur"},"share_on_mastodon":{"url":"https:\/\/pubeurope.com\/@fr\/114705511469334224","error":""},"_links":{"self":[{"href":"https:\/\/www.europesays.com\/fr\/wp-json\/wp\/v2\/posts\/186375","targetHints":{"allow":["GET"]}}],"collection":[{"href":"https:\/\/www.europesays.com\/fr\/wp-json\/wp\/v2\/posts"}],"about":[{"href":"https:\/\/www.europesays.com\/fr\/wp-json\/wp\/v2\/types\/post"}],"author":[{"embeddable":true,"href":"https:\/\/www.europesays.com\/fr\/wp-json\/wp\/v2\/users\/2"}],"replies":[{"embeddable":true,"href":"https:\/\/www.europesays.com\/fr\/wp-json\/wp\/v2\/comments?post=186375"}],"version-history":[{"count":0,"href":"https:\/\/www.europesays.com\/fr\/wp-json\/wp\/v2\/posts\/186375\/revisions"}],"wp:featuredmedia":[{"embeddable":true,"href":"https:\/\/www.europesays.com\/fr\/wp-json\/wp\/v2\/media\/186376"}],"wp:attachment":[{"href":"https:\/\/www.europesays.com\/fr\/wp-json\/wp\/v2\/media?parent=186375"}],"wp:term":[{"taxonomy":"category","embeddable":true,"href":"https:\/\/www.europesays.com\/fr\/wp-json\/wp\/v2\/categories?post=186375"},{"taxonomy":"post_tag","embeddable":true,"href":"https:\/\/www.europesays.com\/fr\/wp-json\/wp\/v2\/tags?post=186375"}],"curies":[{"name":"wp","href":"https:\/\/api.w.org\/{rel}","templated":true}]}}