{"id":186382,"date":"2025-06-18T17:22:10","date_gmt":"2025-06-18T17:22:10","guid":{"rendered":"https:\/\/www.europesays.com\/fr\/186382\/"},"modified":"2025-06-18T17:22:10","modified_gmt":"2025-06-18T17:22:10","slug":"un-accident-dans-le-sens-marseille-aix-implique-la-fermeture-de-la-l2","status":"publish","type":"post","link":"https:\/\/www.europesays.com\/fr\/186382\/","title":{"rendered":"un accident dans le sens Marseille-Aix implique la fermeture de la L2"},"content":{"rendered":"<p>Un accident impliquant un seul v\u00e9hicule s&rsquo;est produit sur la L2 aux alentours de 18h10 ce mercredi 18 juin.\u00a0<\/p>\n<p>Les secours sont actuellement sur place. La L2 est actuellement ferm\u00e9e dans le sens Marseille-Aix au niveau de Saint-Barnab\u00e9 jusqu&rsquo;\u00e0 hauteur de Montolivet o\u00f9 s&rsquo;est d\u00e9roul\u00e9 l&rsquo;accident.\u00a0<\/p>\n<p>La d\u00e9panneuse est attendue sur place. Un l\u00e9ger bouchon est en train de se former.\u00a0<\/p>\n","protected":false},"excerpt":{"rendered":"Un accident impliquant un seul v\u00e9hicule s&rsquo;est produit sur la L2 aux alentours de 18h10 ce mercredi 18&hellip;\n","protected":false},"author":2,"featured_media":186383,"comment_status":"","ping_status":"","sticky":false,"template":"","format":"standard","meta":{"footnotes":""},"categories":[2814],"tags":[17,32418,119,1111,11,1446,1777,674,13407,1011,27,32420,884,32419,12,882,16,25,4071],"class_list":{"0":"post-186382","1":"post","2":"type-post","3":"status-publish","4":"format-standard","5":"has-post-thumbnail","7":"category-marseille","8":"tag-17","9":"tag-a507","10":"tag-accident","11":"tag-actu","12":"tag-actualites","13":"tag-dans","14":"tag-eu","15":"tag-europe","16":"tag-fermeture","17":"tag-fr","18":"tag-france","19":"tag-implique","20":"tag-marseille","21":"tag-marseille-aix","22":"tag-news","23":"tag-provence-alpes-cote-dazur","24":"tag-region","25":"tag-republique-francaise","26":"tag-sens"},"share_on_mastodon":{"url":"https:\/\/pubeurope.com\/@fr\/114705527274714006","error":""},"_links":{"self":[{"href":"https:\/\/www.europesays.com\/fr\/wp-json\/wp\/v2\/posts\/186382","targetHints":{"allow":["GET"]}}],"collection":[{"href":"https:\/\/www.europesays.com\/fr\/wp-json\/wp\/v2\/posts"}],"about":[{"href":"https:\/\/www.europesays.com\/fr\/wp-json\/wp\/v2\/types\/post"}],"author":[{"embeddable":true,"href":"https:\/\/www.europesays.com\/fr\/wp-json\/wp\/v2\/users\/2"}],"replies":[{"embeddable":true,"href":"https:\/\/www.europesays.com\/fr\/wp-json\/wp\/v2\/comments?post=186382"}],"version-history":[{"count":0,"href":"https:\/\/www.europesays.com\/fr\/wp-json\/wp\/v2\/posts\/186382\/revisions"}],"wp:featuredmedia":[{"embeddable":true,"href":"https:\/\/www.europesays.com\/fr\/wp-json\/wp\/v2\/media\/186383"}],"wp:attachment":[{"href":"https:\/\/www.europesays.com\/fr\/wp-json\/wp\/v2\/media?parent=186382"}],"wp:term":[{"taxonomy":"category","embeddable":true,"href":"https:\/\/www.europesays.com\/fr\/wp-json\/wp\/v2\/categories?post=186382"},{"taxonomy":"post_tag","embeddable":true,"href":"https:\/\/www.europesays.com\/fr\/wp-json\/wp\/v2\/tags?post=186382"}],"curies":[{"name":"wp","href":"https:\/\/api.w.org\/{rel}","templated":true}]}}