{"id":186386,"date":"2025-06-18T17:24:13","date_gmt":"2025-06-18T17:24:13","guid":{"rendered":"https:\/\/www.europesays.com\/fr\/186386\/"},"modified":"2025-06-18T17:24:13","modified_gmt":"2025-06-18T17:24:13","slug":"lyon-passage-pour-herissons-poubelles-ludiques-trampoline-geant-on-connait-les-90-projets-laureats-du-budget-participatif","status":"publish","type":"post","link":"https:\/\/www.europesays.com\/fr\/186386\/","title":{"rendered":"Lyon. Passage pour h\u00e9rissons, poubelles ludiques, trampoline g\u00e9ant\u2026 On conna\u00eet les 90 projets laur\u00e9ats du budget participatif"},"content":{"rendered":"<p>En octobre dernier, la Ville de Lyon lan\u00e7ait la 2e\u00a0\u00e9dition de son budget participatif.\u00a0Une enveloppe de 12,5\u00a0millions d\u2019euros est allou\u00e9e par la municipalit\u00e9 \u00e0 ce dispositif, dont l\u2019objectif est de favoriser la r\u00e9alisation de projets propos\u00e9s et choisis par les habitants eux-m\u00eames.<\/p>\n<p>Pr\u00e8s de <a href=\"https:\/\/www.leprogres.fr\/politique\/2025\/05\/05\/budget-participatif-dans-quels-projets-seront-investis-cette-fois-ci-les-12-5-millions-d-euros\" target=\"_blank\" rel=\"noopener\">1149 id\u00e9es<\/a> ont \u00e9t\u00e9 d\u00e9pos\u00e9es sur la plateforme participative Oy\u00e9, du 1er\u00a0octobre au 8\u00a0d\u00e9cembre. Finalement, 233 projets ont \u00e9t\u00e9 retenus, puis <a href=\"https:\/\/www.leprogres.fr\/politique\/2025\/06\/05\/budget-participatif-vous-avez-jusqu-au-15-juin-pour-voter-parmi-27-projets\" target=\"_blank\" rel=\"noopener\">soumis aux votes<\/a> des Lyonnais du 5\u00a0mai au 15\u00a0juin. Plus de 12\u00a0000 personnes ont donn\u00e9 leur avis, soit le double de la premi\u00e8re \u00e9dition.<\/p>\n<p>Et les r\u00e9sultats viennent de tomber. La mouture 2025 du budget participatif accouche de <a href=\"https:\/\/oye.participer.lyon.fr\/processes\/bp2024\/f\/382\/\" target=\"_blank\" rel=\"noopener\">90 laur\u00e9ats<\/a>, r\u00e9partis sur toute la commune\u00a0: 13 dans le 1er\u00a0arrondissement, 3 dans le 2e, 15 dans le 3e,\u00a05 dans le 4e , idem dans le 5e,\u00a04 dans le 6e, 16 dans le 7e, 21 dans le 8e\u00a0et enfin 8 dans le 9e.<\/p>\n<p>Quelques projets insolites<\/p>\n<p>Parmi les id\u00e9es les plus insolites, on note la cr\u00e9ation d\u2019un passage pour h\u00e9rissons au cimeti\u00e8re de la Croix-Rousse, de \u201cpoubelles ludiques\u201d au parc Bazin, de nichoirs \u00e0 chauves-souris, de douches publiques \u00e0 la Maison de l\u2019hospitalit\u00e9, d\u2019un four \u00e0 pain collectif dans le 8e, l\u2019installation d\u2019un grand trampoline au parc Sisley, de sculptures d\u2019animaux sauvages vivant \u00e0 Lyon et l\u2019acquisition d\u2019un\u00a0v\u00e9lo-cargo pour lutter contre le gaspillage de pain.<\/p>\n<p>La Ville de Lyon s\u2019engage \u00e0 r\u00e9aliser en priorit\u00e9 les trois projets qui ont recueilli le plus de voix dans chacun des neuf secteurs. Les projets retenus ensuite sont ceux ayant obtenu le plus de votes \u00e0 l\u2019\u00e9chelle de la commune, jusqu\u2019\u00e0 \u00e9puisement du budget allou\u00e9 au dispositif.<\/p>\n","protected":false},"excerpt":{"rendered":"En octobre dernier, la Ville de Lyon lan\u00e7ait la 2e\u00a0\u00e9dition de son budget participatif.\u00a0Une enveloppe de 12,5\u00a0millions d\u2019euros&hellip;\n","protected":false},"author":2,"featured_media":186387,"comment_status":"","ping_status":"","sticky":false,"template":"","format":"standard","meta":{"footnotes":""},"categories":[1889],"tags":[1111,11,2430,33,2757,436,1777,674,107,1011,27,1757,2428,2756,12,316,25,2429,3151],"class_list":{"0":"post-186386","1":"post","2":"type-post","3":"status-publish","4":"format-standard","5":"has-post-thumbnail","7":"category-lyon","8":"tag-actu","9":"tag-actualites","10":"tag-auvergne-rhone-alpes","11":"tag-economie","12":"tag-edition-lyon-villeurbanne","13":"tag-environnement","14":"tag-eu","15":"tag-europe","16":"tag-fil-info","17":"tag-fr","18":"tag-france","19":"tag-insolite","20":"tag-lyon","21":"tag-lyon-bassin","22":"tag-news","23":"tag-politique","24":"tag-republique-francaise","25":"tag-rhone","26":"tag-selection-de-la-redaction-69"},"share_on_mastodon":{"url":"https:\/\/pubeurope.com\/@fr\/114705535082612161","error":""},"_links":{"self":[{"href":"https:\/\/www.europesays.com\/fr\/wp-json\/wp\/v2\/posts\/186386","targetHints":{"allow":["GET"]}}],"collection":[{"href":"https:\/\/www.europesays.com\/fr\/wp-json\/wp\/v2\/posts"}],"about":[{"href":"https:\/\/www.europesays.com\/fr\/wp-json\/wp\/v2\/types\/post"}],"author":[{"embeddable":true,"href":"https:\/\/www.europesays.com\/fr\/wp-json\/wp\/v2\/users\/2"}],"replies":[{"embeddable":true,"href":"https:\/\/www.europesays.com\/fr\/wp-json\/wp\/v2\/comments?post=186386"}],"version-history":[{"count":0,"href":"https:\/\/www.europesays.com\/fr\/wp-json\/wp\/v2\/posts\/186386\/revisions"}],"wp:featuredmedia":[{"embeddable":true,"href":"https:\/\/www.europesays.com\/fr\/wp-json\/wp\/v2\/media\/186387"}],"wp:attachment":[{"href":"https:\/\/www.europesays.com\/fr\/wp-json\/wp\/v2\/media?parent=186386"}],"wp:term":[{"taxonomy":"category","embeddable":true,"href":"https:\/\/www.europesays.com\/fr\/wp-json\/wp\/v2\/categories?post=186386"},{"taxonomy":"post_tag","embeddable":true,"href":"https:\/\/www.europesays.com\/fr\/wp-json\/wp\/v2\/tags?post=186386"}],"curies":[{"name":"wp","href":"https:\/\/api.w.org\/{rel}","templated":true}]}}