{"id":186388,"date":"2025-06-18T17:25:10","date_gmt":"2025-06-18T17:25:10","guid":{"rendered":"https:\/\/www.europesays.com\/fr\/186388\/"},"modified":"2025-06-18T17:25:10","modified_gmt":"2025-06-18T17:25:10","slug":"canicule-des-chaleurs-intenses-et-des-orages-arrivent-dans-le-rhone-voici-ou-ca-va-le-plus-chauffer","status":"publish","type":"post","link":"https:\/\/www.europesays.com\/fr\/186388\/","title":{"rendered":"Canicule. Des chaleurs intenses et des orages arrivent dans le Rh\u00f4ne, voici o\u00f9 \u00e7a va le plus chauffer"},"content":{"rendered":"<p>            Par<br \/>\n        <strong><br \/>\n            <a href=\"https:\/\/actu.fr\/auteur\/anthony-soudani\" title=\"Consulter tous les articles de Anthony Soudani\" target=\"_blank\" rel=\"noopener\">Anthony Soudani<\/a><br \/>\n        <\/strong><\/p>\n<p>        Publi\u00e9 le<\/p>\n<p>            18 juin 2025 \u00e0 19h04        <\/p>\n<p>Le <a href=\"https:\/\/actu.fr\/auvergne-rhone-alpes\/lyon_69123\/vague-de-chaleur-a-lyon-alerte-canicule-dans-le-rhone-meteo-france-declenche-la-vigilance_62791191.html\" target=\"_blank\" rel=\"noopener\">Rh\u00f4ne est plac\u00e9 en vigilance jaune canicule<\/a> par M\u00e9t\u00e9o-France \u00e0 partir de 12h ce jeudi 19 juin. Les temp\u00e9ratures grimpent \u00e0 <a href=\"https:\/\/actu.fr\/lyon\/\" target=\"_blank\" rel=\"noopener\">Lyon<\/a> et dans le reste du d\u00e9partement. Elles vont largement d\u00e9passer les moyennes de saison pour un mois de juin. Le thermom\u00e8tre pourrait afficher<strong> jusqu\u2019\u00e0 36\u00b0C ce week-end dans la capitale des Gaules<\/strong>. Voici o\u00f9 il fera le plus chaud.<\/p>\n<p class=\" wall-content\">D\u00e8s jeudi apr\u00e8s-midi, il fera tr\u00e8s chaud dans le Rh\u00f4ne. Peu de communes seront sous les 30\u00b0C. Les temp\u00e9ratures les plus \u00e9lev\u00e9es seront ressenties \u00e0 Lyon, Neuville-Sur-Sa\u00f4ne et Villefranche-sur-Sa\u00f4ne avec 32\u00b0C.\u00a0<\/p>\n<p class=\" wall-content\">Vendredi apr\u00e8s-midi rebelote. Ces trois m\u00eames villes afficheront de nouveau 32\u00b0C. L\u00e0 encore, ce sont les endroits o\u00f9 il fera le plus chaud dans le d\u00e9partement.\u00a0<\/p>\n<p>Jusqu\u2019\u00e0 37\u00b0C \u00e0 Villefranche, 36\u00b0C \u00e0 Lyon<\/p>\n<p class=\" wall-content\">C\u2019est le week-end que la chaleur va se faire le plus sentir dans le d\u00e9partement. Certaines communes, dont Lyon, pourraient voir la temp\u00e9rature grimper jusqu\u2019\u00e0 36\u00b0C, selon les derni\u00e8res pr\u00e9visions de <a href=\"https:\/\/actu.fr\/tag\/meteo-france\" target=\"_blank\" rel=\"noopener\">M\u00e9t\u00e9o-France<\/a>. Si ce n\u2019est pas un record pour un mois de juin, il s\u2019agit de temp\u00e9ratures remarquables pour un d\u00e9but d\u2019\u00e9t\u00e9.\u00a0<\/p>\n<p class=\" wall-content\">Des chaleurs similaires sont attendues une nouvelle fois \u00e0 Neuville-sur-Sa\u00f4ne et Villefranche-sur-Sa\u00f4ne. Villefranche pourrait d\u2019ailleurs \u00eatre l\u2019endroit le plus chaud dimanche. <strong>M\u00e9t\u00e9o-France estime qu\u2019il pourrait faire jusqu\u2019\u00e0 37\u00b0C<\/strong>, alors que le mercure pourrait monter \u00e0 36\u00b0C \u00e0 Lyon et Neuville-sur-Sa\u00f4ne au plus chaud de l\u2019apr\u00e8s-midi.\u00a0<\/p>\n<p>Vid\u00e9os : en ce moment sur Actu<\/p>\n<p class=\" wall-content\">Il pourrait \u00e9galement faire 36\u00b0C \u00e0 L\u2019Arbresle.\u00a0<\/p>\n<p>Des orages dans le Rh\u00f4ne d\u00e8s dimanche ?<\/p>\n<p class=\" wall-content\">Dimanche apr\u00e8s-midi, <strong>des orages<\/strong> sont redout\u00e9s, notamment \u00e0 l\u2019ouest du d\u00e9partement. Ils pourraient \u00eatre accompagn\u00e9s de pr\u00e9cipitations et toucher les communes de Tarare et Saint-Symphorien-sur-Coise.<\/p>\n<p class=\" wall-content\">Plus au nord du Rh\u00f4ne, ce sont les secteurs de Beaujeu et Trades qui seraient concern\u00e9s.<\/p>\n<p class=\" wall-content\">D\u2019apr\u00e8s M\u00e9t\u00e9o-France, des orages pourraient ensuite \u00e9clater lundi 23 juin sur une grosse partie du d\u00e9partement, dont Lyon. Ces pr\u00e9visions sont encore \u00e0 confirmer.<\/p>\n<p class=\" wall-content\">Suivez toute l\u2019actualit\u00e9 de vos villes et m\u00e9dias favoris en vous inscrivant \u00e0 <a href=\"https:\/\/moncompte.actu.fr\" title=\"D\u00e9couvez Mon Actu\" rel=\"nofollow noopener\" data-trk=\"{&quot;cta&quot;:{&quot;action&quot;:&quot;https:\\\/\\\/moncompte.actu.fr&quot;,&quot;category&quot;:&quot;mon compte&quot;,&quot;from&quot;:&quot;article footer&quot;,&quot;name&quot;:&quot;Mon actu&quot;,&quot;type&quot;:&quot;cta&quot;}}\" target=\"_blank\">Mon Actu<\/a>.<\/p>\n","protected":false},"excerpt":{"rendered":"Par Anthony Soudani Publi\u00e9 le 18 juin 2025 \u00e0 19h04 Le Rh\u00f4ne est plac\u00e9 en vigilance jaune canicule&hellip;\n","protected":false},"author":2,"featured_media":186389,"comment_status":"","ping_status":"","sticky":false,"template":"","format":"standard","meta":{"footnotes":""},"categories":[1889],"tags":[1111,11,2430,6698,1777,674,1011,27,2428,2487,2357,12,4594,25],"class_list":{"0":"post-186388","1":"post","2":"type-post","3":"status-publish","4":"format-standard","5":"has-post-thumbnail","7":"category-lyon","8":"tag-actu","9":"tag-actualites","10":"tag-auvergne-rhone-alpes","11":"tag-canicule","12":"tag-eu","13":"tag-europe","14":"tag-fr","15":"tag-france","16":"tag-lyon","17":"tag-meteo","18":"tag-meteo-france","19":"tag-news","20":"tag-orages","21":"tag-republique-francaise"},"share_on_mastodon":{"url":"https:\/\/pubeurope.com\/@fr\/114705539139249058","error":""},"_links":{"self":[{"href":"https:\/\/www.europesays.com\/fr\/wp-json\/wp\/v2\/posts\/186388","targetHints":{"allow":["GET"]}}],"collection":[{"href":"https:\/\/www.europesays.com\/fr\/wp-json\/wp\/v2\/posts"}],"about":[{"href":"https:\/\/www.europesays.com\/fr\/wp-json\/wp\/v2\/types\/post"}],"author":[{"embeddable":true,"href":"https:\/\/www.europesays.com\/fr\/wp-json\/wp\/v2\/users\/2"}],"replies":[{"embeddable":true,"href":"https:\/\/www.europesays.com\/fr\/wp-json\/wp\/v2\/comments?post=186388"}],"version-history":[{"count":0,"href":"https:\/\/www.europesays.com\/fr\/wp-json\/wp\/v2\/posts\/186388\/revisions"}],"wp:featuredmedia":[{"embeddable":true,"href":"https:\/\/www.europesays.com\/fr\/wp-json\/wp\/v2\/media\/186389"}],"wp:attachment":[{"href":"https:\/\/www.europesays.com\/fr\/wp-json\/wp\/v2\/media?parent=186388"}],"wp:term":[{"taxonomy":"category","embeddable":true,"href":"https:\/\/www.europesays.com\/fr\/wp-json\/wp\/v2\/categories?post=186388"},{"taxonomy":"post_tag","embeddable":true,"href":"https:\/\/www.europesays.com\/fr\/wp-json\/wp\/v2\/tags?post=186388"}],"curies":[{"name":"wp","href":"https:\/\/api.w.org\/{rel}","templated":true}]}}